{"id":67428,"date":"2019-03-22T18:07:50","date_gmt":"2019-03-22T18:07:50","guid":{"rendered":"https:\/\/immigrationca.staging.wpengine.com\/immigration-drives-nova-scotia-population-to-all-time-high"},"modified":"2019-04-16T00:54:10","modified_gmt":"2019-04-16T00:54:10","slug":"immigration-drives-nova-scotia-population-to-all-time-high","status":"publish","type":"post","link":"https:\/\/immigration.ca\/fr\/immigration-drives-nova-scotia-population-to-all-time-high\/","title":{"rendered":"L&rsquo;immigration pousse la population de la Nouvelle-\u00c9cosse \u00e0 un sommet sans pr\u00e9c\u00e9dent"},"content":{"rendered":"<p class=\"p1\"><span class=\"s1\">Le 22 mars 2019 &#8211; Le nombre record d&rsquo;immigrants du Programme des candidats de la Nouvelle-\u00c9cosse a permis \u00e0 la population de la province atlantique d&rsquo;atteindre un record de 965 382 personnes au d\u00e9but de 2019.<\/span><\/p>\n<p>L&rsquo;augmentation de plus de 10 000 personnes en 12 mois inclut 5 970 nouveaux immigrants arriv\u00e9s au cours de 2018.<\/p>\n<p>Ce nombre devrait augmenter en 2019 avec le quota de d\u00e9signations par le gouvernement f\u00e9d\u00e9ral du <a href=\"https:\/\/immigration.ca\/fr\/nova-scotia-immigration\"><span class=\"s2\">Programme des candidats de la Nouvelle-\u00c9cosse<\/span><\/a>, qui a \u00e9t\u00e9 augment\u00e9e de 454 nouvelles places.<\/p>\n<p class=\"p2\"><span class=\"s3\"><br \/>\n<b>En savoir plus<\/b><\/span><\/p>\n<p><a href=\"https:\/\/immigration.ca\/fr\/nova-scotia-targets-french-speakers-in-new-labour-market-priorities-draw\"><span class=\"s2\">La Nouvelle-\u00c9cosse cible les francophones avec un nouveau tirage Priorit\u00e9s du march\u00e9 du travail<\/span><\/a><br \/>\n<a href=\"https:\/\/immigration.ca\/fr\/nova-scotia-targets-business-candidates-in-new-entrepreneur-stream-draw\"><span class=\"s2\">La Nouvelle-\u00c9cosse cible les candidats d\u2019affaires avec un nouveau tirage du volet des entrepreneurs<\/span><\/a><br \/>\n<a href=\"https:\/\/immigration.ca\/fr\/nova-scotia-had-record-year-for-new-permanent-residents-in-2018\"><span class=\"s2\">La Nouvelle-\u00c9cosse a connu une ann\u00e9e record pour les nouveaux r\u00e9sidents permanents en 2018<\/span><\/a><br \/>\n<a href=\"https:\/\/immigration.ca\/fr\/nova-scotia-seeing-success-in-retaining-international-students\"><span class=\"s2\">Nouvelle-\u00c9cosse: r\u00e9ussir \u00e0 retenir les \u00e9tudiants internationaux<\/span><\/a><\/p>\n<p class=\"p1\"><span class=\"s1\">L&rsquo;augmentation comprend 254 nouvelles approbations dans le cadre du Projet pilote d&rsquo;immigration au Canada atlantique (PPICA).<\/span><\/p>\n<p>Cela intervient apr\u00e8s que le PCNE et le PPICA aient approuv\u00e9 conjointement 2 272 nouveaux arrivants en 2018.<\/p>\n<p>\u00ab\u00a0Nous avons fait du renforcement de notre population et de notre \u00e9conomie gr\u00e2ce \u00e0 l&rsquo;immigration une priorit\u00e9\u00a0\u00bb, a d\u00e9clar\u00e9 la ministre de l&rsquo;Immigration, Lena Metlege Diab.<\/p>\n<p>\u00abL&rsquo;\u00e9lan que nous constatons est essentiel pour revitaliser nos communaut\u00e9s et aider les entreprises de la Nouvelle-\u00c9cosse \u00e0 prosp\u00e9rer.<\/p>\n<p>\u00abNous continuerons de travailler en \u00e9troite collaboration avec nos partenaires en immigration sur les priorit\u00e9s, y compris l&rsquo;immigration rurale et la r\u00e9tention, attirer des \u00e9tudiants internationaux et d\u00e9velopper des programmes nouveaux et innovants qui aident les entreprises \u00e0 r\u00e9pondre aux besoins du march\u00e9 du travail.\u00bb<\/p>\n<p>L&rsquo;Office de l&rsquo;immigration de la Nouvelle-\u00c9cosse a d\u00e9pass\u00e9 les allocations du programme des candidats des provinces et du projet pilote d&rsquo;immigration de l&rsquo;Atlantique en 2018 avec 2 272 personnes approuv\u00e9es par la province.<\/p>\n<p class=\"p1\"><span class=\"s1\">Le NSNP cible les immigrants potentiels qui poss\u00e8dent les comp\u00e9tences et l\u2019exp\u00e9rience n\u00e9cessaires pour stimuler l\u2019\u00e9conomie de la province et relever les d\u00e9fis d\u00e9mographiques.<\/span><\/p>\n<p>Les candidats qui r\u00e9pondent aux crit\u00e8res de l&rsquo;un des six volets diff\u00e9rents peuvent \u00eatre d\u00e9sign\u00e9s pour l&rsquo;immigration en Nouvelle-\u00c9cosse, avec un d\u00e9lai de traitement cible de trois mois.<\/p>\n<p><strong>Les sept volets sont\u00a0:<\/strong><\/p>\n<ol class=\"ol1\">\n<li class=\"li3\"><span class=\"s1\">Demande de la Nouvelle-\u00c9cosse : entr\u00e9e express<\/span><\/li>\n<li class=\"li3\"><span class=\"s1\">Exp\u00e9rience de la Nouvelle-\u00c9cosse : Entr\u00e9e express<\/span><\/li>\n<li class=\"li3\"><span class=\"s1\">Priorit\u00e9s du march\u00e9 du travail de la Nouvelle-\u00c9cosse<\/span><\/li>\n<li class=\"li3\"><span class=\"s1\">Travailleurs qualifi\u00e9s<\/span><\/li>\n<li class=\"li3\"><span class=\"s1\">M\u00e9decins<\/span><\/li>\n<li class=\"li3\"><span class=\"s1\">Entrepreneurs<\/span><\/li>\n<li class=\"li3\"><span class=\"s1\">Dipl\u00f4m\u00e9 \u00e9tranger et nouvel entrepreneur<\/span><\/li>\n<\/ol>\n<p class=\"p3\"><span class=\"s1\">La Nouvelle-\u00c9cosse g\u00e8re \u00e9galement <a href=\"https:\/\/immigration.ca\/fr\/nova-scotia-study-stay\"><span class=\"s2\">\u00c9tudier et rester<\/span><\/a>, un programme sp\u00e9cialement con\u00e7u pour aider les \u00e9tudiants \u00e9trangers originaires de Chine, d\u2019Inde et des Philippines \u00e0 rester et \u00e0 faire carri\u00e8re dans la r\u00e9gion apr\u00e8s avoir obtenu leur dipl\u00f4me.<\/span><\/p>\n<h3 class=\"p6\"><span class=\"s1\">Emplois en demande en Nouvelle-\u00c9cosse<\/span><\/h3>\n<table class=\"wp-block-table is-style-stripes\" cellspacing=\"0\" cellpadding=\"0\">\n<tbody>\n<tr>\n<td class=\"td1\" valign=\"top\">\n<p class=\"p3\"><span class=\"s1\"><b>Occupation<\/b><\/span><\/p>\n<\/td>\n<td class=\"td2\" valign=\"top\">\n<p class=\"p3\"><span class=\"s1\"><b>CNP<\/b><\/span><\/p>\n<\/td>\n<td class=\"td3\" valign=\"top\">\n<p class=\"p3\"><span class=\"s1\"><b>Comp\u00e9tence<\/b><\/span><\/p>\n<\/td>\n<\/tr>\n<tr>\n<td class=\"td4\" valign=\"top\">\n<p class=\"p3\"><span class=\"s1\">Auditeurs financiers et comptables<\/span><\/p>\n<\/td>\n<td class=\"td5\" valign=\"top\">\n<p class=\"p3\"><span class=\"s1\">1111<\/span><\/p>\n<\/td>\n<td class=\"td6\" valign=\"top\">\n<p class=\"p3\"><span class=\"s1\">A<\/span><\/p>\n<\/td>\n<\/tr>\n<tr>\n<td class=\"td1\" valign=\"top\">\n<p class=\"p3\"><span class=\"s1\">Autres agents financiers<\/span><\/p>\n<\/td>\n<td class=\"td2\" valign=\"top\">\n<p class=\"p3\"><span class=\"s1\">1114<\/span><\/p>\n<\/td>\n<td class=\"td3\" valign=\"top\">\n<p class=\"p3\"><span class=\"s1\">A<\/span><\/p>\n<\/td>\n<\/tr>\n<tr>\n<td class=\"td4\" valign=\"top\">\n<p class=\"p3\"><span class=\"s1\">Personnel professionnel en publicit\u00e9, marketing et relations publiques<\/span><\/p>\n<\/td>\n<td class=\"td5\" valign=\"top\">\n<p class=\"p3\"><span class=\"s1\">1123<\/span><\/p>\n<\/td>\n<td class=\"td6\" valign=\"top\">\n<p class=\"p3\"><span class=\"s1\">A<\/span><\/p>\n<\/td>\n<\/tr>\n<tr>\n<td class=\"td1\" valign=\"top\">\n<p class=\"p3\"><span class=\"s1\">Assistants administratifs<\/span><\/p>\n<\/td>\n<td class=\"td2\" valign=\"top\">\n<p class=\"p3\"><span class=\"s1\">1241<\/span><\/p>\n<\/td>\n<td class=\"td3\" valign=\"top\">\n<p class=\"p3\"><span class=\"s1\">B<\/span><\/p>\n<\/td>\n<\/tr>\n<tr>\n<td class=\"td4\" valign=\"top\">\n<p class=\"p3\"><span class=\"s1\">Commis \u00e0 la comptabilit\u00e9 et personnel assimil\u00e9<\/span><\/p>\n<\/td>\n<td class=\"td5\" valign=\"top\">\n<p class=\"p3\"><span class=\"s1\">1311<\/span><\/p>\n<\/td>\n<td class=\"td6\" valign=\"top\">\n<p class=\"p3\"><span class=\"s1\">B<\/span><\/p>\n<\/td>\n<\/tr>\n<tr>\n<td class=\"td1\" valign=\"top\">\n<p class=\"p3\"><span class=\"s1\">Ing\u00e9nieurs civils<\/span><\/p>\n<\/td>\n<td class=\"td2\" valign=\"top\">\n<p class=\"p3\"><span class=\"s1\">2131<\/span><\/p>\n<\/td>\n<td class=\"td3\" valign=\"top\">\n<p class=\"p3\"><span class=\"s1\">A<\/span><\/p>\n<\/td>\n<\/tr>\n<tr>\n<td class=\"td1\" valign=\"top\">\n<p class=\"p3\"><span class=\"s1\">Infirmiers autoris\u00e9s et infirmiers psychiatriques autoris\u00e9s<\/span><\/p>\n<\/td>\n<td class=\"td2\" valign=\"top\">\n<p class=\"p3\"><span class=\"s1\">3012<\/span><\/p>\n<\/td>\n<td class=\"td3\" valign=\"top\">\n<p class=\"p3\"><span class=\"s1\">A<\/span><\/p>\n<\/td>\n<\/tr>\n<tr>\n<td class=\"td4\" valign=\"top\">\n<p class=\"p3\"><span class=\"s1\">Infirmi\u00e8res auxiliaires autoris\u00e9es<\/span><\/p>\n<\/td>\n<td class=\"td5\" valign=\"top\">\n<p class=\"p3\"><span class=\"s1\">3233<\/span><\/p>\n<\/td>\n<td class=\"td6\" valign=\"top\">\n<p class=\"p3\"><span class=\"s1\">B<\/span><\/p>\n<\/td>\n<\/tr>\n<tr>\n<td class=\"td1\" valign=\"top\">\n<p class=\"p3\"><span class=\"s1\">Coll\u00e8ge et autres instructeurs professionnels<\/span><\/p>\n<\/td>\n<td class=\"td2\" valign=\"top\">\n<p class=\"p3\"><span class=\"s1\">4021<\/span><\/p>\n<\/td>\n<td class=\"td3\" valign=\"top\">\n<p class=\"p3\"><span class=\"s1\">A<\/span><\/p>\n<\/td>\n<\/tr>\n<tr>\n<td class=\"td4\" valign=\"top\">\n<p class=\"p3\"><span class=\"s1\">Techniciens juridiques et personnel assimil\u00e9<\/span><\/p>\n<\/td>\n<td class=\"td5\" valign=\"top\">\n<p class=\"p3\"><span class=\"s1\">4211<\/span><\/p>\n<\/td>\n<td class=\"td6\" valign=\"top\">\n<p class=\"p3\"><span class=\"s1\">B<\/span><\/p>\n<\/td>\n<\/tr>\n<tr>\n<td class=\"td1\" valign=\"top\">\n<p class=\"p3\"><span class=\"s1\">Travailleurs sociaux et communautaires<\/span><\/p>\n<\/td>\n<td class=\"td2\" valign=\"top\">\n<p class=\"p3\"><span class=\"s1\">4212<\/span><\/p>\n<\/td>\n<td class=\"td3\" valign=\"top\">\n<p class=\"p3\"><span class=\"s1\">B<\/span><\/p>\n<\/td>\n<\/tr>\n<\/tbody>\n<\/table>\n<p class=\"p1\"><span class=\"s1\"><b>Employeurs int\u00e9ress\u00e9s<\/b> : <a href=\"https:\/\/immigration.ca\/fr\/zone-employeurs-canadiens\"><span class=\"s4\">veuillez nous contacter<\/span><\/a> pour recevoir de plus amples informations.<\/span><\/p>\n<p class=\"p1\"><span class=\"s1\"><b>Candidats int\u00e9ress\u00e9s<\/b> : d\u00e9couvrez si vous \u00eates admissible au Canada en <a href=\"https:\/\/immigration.ca\/en\/free-immigration-evaluation.html\"><span class=\"s4\">remplissant notre \u00e9valuation gratuite en ligne<\/span><\/a>. Nous vous fournirons notre \u00e9valuation dans les 1 \u00e0 2 jours ouvrables.<\/span><\/p>\n<p class=\"p1\"><span class=\"s1\">Lisez plus de nouvelles sur l&rsquo;immigration au Canada en <a href=\"https:\/\/immigration.ca\/fr\/canada-immigration-news-articles-2019\"><span class=\"s4\">cliquant ici<\/span><\/a>.<\/span><\/p>\n","protected":false},"excerpt":{"rendered":"<p>Le 22 mars 2019 &#8211; Le nombre record d&rsquo;immigrants du Programme des candidats de la Nouvelle-\u00c9cosse a permis \u00e0 la population de la province atlantique d&rsquo;atteindre un record de 965 382 personnes au d\u00e9but de 2019. L&rsquo;augmentation de plus de 10 000 personnes en 12 mois inclut 5 970 nouveaux immigrants arriv\u00e9s au cours de&hellip;<\/p>\n","protected":false},"author":16,"featured_media":0,"comment_status":"closed","ping_status":"closed","sticky":false,"template":"","format":"standard","meta":{"_acf_changed":false,"footnotes":""},"categories":[],"tags":[],"class_list":["post-67428","post","type-post","status-publish","format-standard","hentry","description-off"],"acf":[],"_links":{"self":[{"href":"https:\/\/immigration.ca\/fr\/wp-json\/wp\/v2\/posts\/67428","targetHints":{"allow":["GET"]}}],"collection":[{"href":"https:\/\/immigration.ca\/fr\/wp-json\/wp\/v2\/posts"}],"about":[{"href":"https:\/\/immigration.ca\/fr\/wp-json\/wp\/v2\/types\/post"}],"author":[{"embeddable":true,"href":"https:\/\/immigration.ca\/fr\/wp-json\/wp\/v2\/users\/16"}],"replies":[{"embeddable":true,"href":"https:\/\/immigration.ca\/fr\/wp-json\/wp\/v2\/comments?post=67428"}],"version-history":[{"count":0,"href":"https:\/\/immigration.ca\/fr\/wp-json\/wp\/v2\/posts\/67428\/revisions"}],"wp:attachment":[{"href":"https:\/\/immigration.ca\/fr\/wp-json\/wp\/v2\/media?parent=67428"}],"wp:term":[{"taxonomy":"category","embeddable":true,"href":"https:\/\/immigration.ca\/fr\/wp-json\/wp\/v2\/categories?post=67428"},{"taxonomy":"post_tag","embeddable":true,"href":"https:\/\/immigration.ca\/fr\/wp-json\/wp\/v2\/tags?post=67428"}],"curies":[{"name":"wp","href":"https:\/\/api.w.org\/{rel}","templated":true}]}}