{"id":66576,"date":"2019-03-18T23:26:16","date_gmt":"2019-03-18T23:26:16","guid":{"rendered":"https:\/\/immigrationca.staging.wpengine.com\/canada-u-s-hold-talks-on-altering-safe-third-country-agreement"},"modified":"2019-04-11T04:10:16","modified_gmt":"2019-04-11T04:10:16","slug":"canada-u-s-hold-talks-on-altering-safe-third-country-agreement","status":"publish","type":"post","link":"https:\/\/immigration.ca\/fr\/canada-u-s-hold-talks-on-altering-safe-third-country-agreement\/","title":{"rendered":"Le Canada et les \u00c9tats-Unis discutent de la modification de l&rsquo;accord sur les tiers pays s\u00fbrs"},"content":{"rendered":"<p><span class=\"TextRun SCXW253153152 BCX0\" lang=\"FR-FR\" xml:lang=\"FR-FR\" data-contrast=\"auto\"><span class=\"NormalTextRun SCXW253153152 BCX0\">Le\u00a0<\/span><\/span><span class=\"TextRun SCXW253153152 BCX0\" lang=\"FR-FR\" xml:lang=\"FR-FR\" data-contrast=\"auto\"><span class=\"NormalTextRun SCXW253153152 BCX0\">18 mars 2019 &#8211; Le Canada et les \u00c9tats-Unis discutent actuellement de<\/span><\/span><span class=\"TextRun SCXW253153152 BCX0\" lang=\"FR-FR\" xml:lang=\"FR-FR\" data-contrast=\"auto\"><span class=\"NormalTextRun SCXW253153152 BCX0\">\u00a0la modification de l\u2019Accord sur les tiers pays s\u00fbrs, qui, selon beaucoup, inciterait les demandeurs d\u2019asile \u00e0 franchir des postes de\u00a0<\/span><\/span><span class=\"TextRun SCXW253153152 BCX0\" lang=\"FR-FR\" xml:lang=\"FR-FR\" data-contrast=\"auto\"><span class=\"NormalTextRun SCXW253153152 BCX0\">fronti\u00e8re<\/span><\/span><span class=\"TextRun SCXW253153152 BCX0\" lang=\"FR-FR\" xml:lang=\"FR-FR\" data-contrast=\"auto\"><span class=\"NormalTextRun SCXW253153152 BCX0\">\u00a0non reconnus.<\/span><\/span><span class=\"LineBreakBlob BlobObject DragDrop SCXW253153152 BCX0\"><span class=\"SCXW253153152 BCX0\">\u00a0<\/span><br class=\"SCXW253153152 BCX0\" \/><\/span><span class=\"LineBreakBlob BlobObject DragDrop SCXW253153152 BCX0\"><span class=\"SCXW253153152 BCX0\">\u00a0<\/span><br class=\"SCXW253153152 BCX0\" \/><\/span><span class=\"TextRun SCXW253153152 BCX0\" lang=\"FR-FR\" xml:lang=\"FR-FR\" data-contrast=\"auto\"><span class=\"NormalTextRun SCXW253153152 BCX0\">L\u2019accord bilat\u00e9ral signifie que le demandeur d\u2019asile doit\u00a0<\/span><\/span><a class=\"Hyperlink SCXW253153152 BCX0\" href=\"https:\/\/immigration.ca\/fr\/protection-des-refugies\" target=\"_blank\" rel=\"noopener noreferrer\"><span class=\"TextRun Underlined SCXW253153152 BCX0\" lang=\"FR-FR\" xml:lang=\"FR-FR\" data-contrast=\"none\"><span class=\"NormalTextRun SCXW253153152 BCX0\">revendiquer le statut de r\u00e9fugi\u00e9<\/span><\/span><\/a><span class=\"TextRun SCXW253153152 BCX0\" lang=\"FR-FR\" xml:lang=\"FR-FR\" data-contrast=\"auto\"><span class=\"NormalTextRun SCXW253153152 BCX0\">\u00a0dans le premier pays \u00abs\u00fbr\u00bb o\u00f9 il arrive.<\/span><\/span><span class=\"LineBreakBlob BlobObject DragDrop SCXW253153152 BCX0\"><span class=\"SCXW253153152 BCX0\">\u00a0<\/span><br class=\"SCXW253153152 BCX0\" \/><\/span><span class=\"LineBreakBlob BlobObject DragDrop SCXW253153152 BCX0\"><span class=\"SCXW253153152 BCX0\">\u00a0<\/span><br class=\"SCXW253153152 BCX0\" \/><\/span><span class=\"TextRun SCXW253153152 BCX0\" lang=\"FR-FR\" xml:lang=\"FR-FR\" data-contrast=\"auto\"><span class=\"NormalTextRun SCXW253153152 BCX0\">Cela signifie que les demandeurs d&rsquo;asile arrivant aux \u00c9tats-Unis ne sont pas autoris\u00e9s \u00e0 entrer au Canada pour revendiquer le statut de r\u00e9fugi\u00e9.<\/span><\/span><span class=\"LineBreakBlob BlobObject DragDrop SCXW253153152 BCX0\"><span class=\"SCXW253153152 BCX0\">\u00a0<\/span><br class=\"SCXW253153152 BCX0\" \/><\/span><span class=\"LineBreakBlob BlobObject DragDrop SCXW253153152 BCX0\"><span class=\"SCXW253153152 BCX0\">\u00a0<\/span><br class=\"SCXW253153152 BCX0\" \/><\/span><span class=\"TextRun SCXW253153152 BCX0\" lang=\"FR-FR\" xml:lang=\"FR-FR\" data-contrast=\"auto\"><span class=\"NormalTextRun SCXW253153152 BCX0\">S&rsquo;i<\/span><\/span><span class=\"TextRun SCXW253153152 BCX0\" lang=\"FR-FR\" xml:lang=\"FR-FR\" data-contrast=\"auto\"><span class=\"NormalTextRun SCXW253153152 BCX0\">ls tentent d&rsquo;entrer au Canada en provenance des \u00c9tats-Unis \u00e0 des fronti\u00e8res reconnues, ils sont renvoy\u00e9s aux \u00c9tats-Unis.<\/span><\/span><span class=\"LineBreakBlob BlobObject DragDrop SCXW253153152 BCX0\"><span class=\"SCXW253153152 BCX0\">\u00a0<\/span><br class=\"SCXW253153152 BCX0\" \/><\/span><span class=\"LineBreakBlob BlobObject DragDrop SCXW253153152 BCX0\"><span class=\"SCXW253153152 BCX0\">\u00a0<\/span><br class=\"SCXW253153152 BCX0\" \/><\/span><span class=\"TextRun SCXW253153152 BCX0\" lang=\"FR-FR\" xml:lang=\"FR-FR\" data-contrast=\"auto\"><span class=\"NormalTextRun SCXW253153152 BCX0\">Cependant, ils ont le droit de demander le statut de r\u00e9fugi\u00e9 s\u2019ils sont d\u00e9j\u00e0 arriv\u00e9s au Canada. C\u2019est pourquoi plus de 40 000 personne<\/span><\/span><span class=\"TextRun SCXW253153152 BCX0\" lang=\"FR-FR\" xml:lang=\"FR-FR\" data-contrast=\"auto\"><span class=\"NormalTextRun SCXW253153152 BCX0\">s ont franchi des postes de\u00a0<\/span><\/span><span class=\"TextRun SCXW253153152 BCX0\" lang=\"FR-FR\" xml:lang=\"FR-FR\" data-contrast=\"auto\"><span class=\"NormalTextRun SCXW253153152 BCX0\">fronti\u00e8re<\/span><\/span><span class=\"TextRun SCXW253153152 BCX0\" lang=\"FR-FR\" xml:lang=\"FR-FR\" data-contrast=\"auto\"><span class=\"NormalTextRun SCXW253153152 BCX0\">\u00a0irr\u00e9guliers alors qu\u2019il<\/span><\/span><span class=\"TextRun SCXW253153152 BCX0\" lang=\"FR-FR\" xml:lang=\"FR-FR\" data-contrast=\"auto\"><span class=\"NormalTextRun SCXW253153152 BCX0\">s tentaient de fuir la r\u00e9pression de l\u2019immigration men\u00e9e par Donald Trump aux \u00c9tats-Unis.<\/span><\/span><span class=\"LineBreakBlob BlobObject DragDrop SCXW253153152 BCX0\"><span class=\"SCXW253153152 BCX0\">\u00a0<\/span><br class=\"SCXW253153152 BCX0\" \/><\/span><span class=\"LineBreakBlob BlobObject DragDrop SCXW253153152 BCX0\"><span class=\"SCXW253153152 BCX0\">\u00a0<\/span><br class=\"SCXW253153152 BCX0\" \/><\/span><span class=\"TextRun SCXW253153152 BCX0\" lang=\"FR-FR\" xml:lang=\"FR-FR\" data-contrast=\"auto\"><span class=\"NormalTextRun SCXW253153152 BCX0\">Le nombre de frontaliers irr\u00e9guliers a diminu\u00e9 en 2019. Apr\u00e8s avoir parcouru plus de 1 000 demandeurs ch<\/span><\/span><span class=\"TextRun SCXW253153152 BCX0\" lang=\"FR-FR\" xml:lang=\"FR-FR\" data-contrast=\"auto\"><span class=\"NormalTextRun SCXW253153152 BCX0\">aque mois en 2018, atteignant un sommet de 2 560 en avril, le nombre d&rsquo;interceptions de la GRC a consid\u00e9rablement diminu\u00e9 en janvier (888) et en f\u00e9vrier (808).<\/span><\/span><span class=\"EOP SCXW253153152 BCX0\" data-ccp-props=\"{&quot;201341983&quot;:0,&quot;335559739&quot;:160,&quot;335559740&quot;:259}\">\u00a0<\/span><\/p>\n<hr \/>\n<p><img fetchpriority=\"high\" decoding=\"async\" class=\"alignnone wp-image-66564\" title=\"Irregular Border Crossers Intercepted By RCMP\" src=\"https:\/\/immigration.ca\/wp-content\/uploads\/2019\/03\/Irregular-Border-Crossers-Intercepted-By-RCMP-1.png\" alt=\"Irregular Border Crossers Intercepted By RCMP\" width=\"510\" height=\"284\" srcset=\"https:\/\/immigration.ca\/wp-content\/uploads\/2019\/03\/Irregular-Border-Crossers-Intercepted-By-RCMP-1.png 659w, https:\/\/immigration.ca\/wp-content\/uploads\/2019\/03\/Irregular-Border-Crossers-Intercepted-By-RCMP-1-300x167.png 300w, https:\/\/immigration.ca\/wp-content\/uploads\/2019\/03\/Irregular-Border-Crossers-Intercepted-By-RCMP-1-280x156.png 280w\" sizes=\"(max-width: 510px) 100vw, 510px\" \/><\/p>\n<p><b><span data-contrast=\"auto\">Source: gouvernement du Canada<\/span><\/b><\/p>\n<p><span data-contrast=\"auto\">Le ministre de la S\u00e9curit\u00e9 des fronti\u00e8res canadiennes, Bill Bl<\/span><span data-contrast=\"auto\">air, a r\u00e9v\u00e9l\u00e9 que des discussions \u00e9taient en cours avec les \u00c9tats-Unis sur la mani\u00e8re de combler cette lacune.<\/span><\/p>\n<p><span data-contrast=\"auto\">Nous pensons qu\u2019il existe des moyens d\u2019appliquer l\u2019accord plus largement \u00e0 ces personnes et donc de\u00a0<\/span><span data-contrast=\"auto\">les dissuader de se croiser de mani\u00e8re irr\u00e9g<\/span><span data-contrast=\"auto\">uli\u00e8re.<\/span><\/p>\n<p><span data-contrast=\"auto\">\u00ab\u00a0<\/span><span data-contrast=\"auto\">Il y a eu des discussions sur la mani\u00e8re dont nous pourrions appliquer l&rsquo;accord \u00e0 ceux qui se pr\u00e9sentent \u00e0 un endroit autre que la fronti\u00e8re o\u00f9 il est clairement prouv\u00e9 qu&rsquo;ils sont venus des \u00c9tats-Unis, qu&rsquo;ils se trouvaient dans un endroit qui \u00e9t<\/span><span data-contrast=\"auto\">ait en fait , un pays tiers s\u00fbr, ou s\u2019ils ont pr\u00e9sent\u00e9 une demande aux \u00c9tats-Unis et qu\u2019ils ont des documents de voyage l\u00e9gaux aux \u00c9tats-Unis \u00bb.<\/span><\/p>\n<p><span data-contrast=\"auto\">Les chiffres montrent que 19 419 demandeurs d&rsquo;asile ont \u00e9t\u00e9 intercept\u00e9s en 2018, contre 20 593 en 2017.<\/span><\/p>\n<p><span data-contrast=\"auto\">Le sy<\/span><span data-contrast=\"auto\">st\u00e8me d\u2019asile du Canada est \u00e0 pr\u00e9sent \u00e9trangl\u00e9 au point que les demandeurs attendent deux ans avant d\u2019\u00eatre entendus.<\/span><\/p>\n<p><span data-contrast=\"auto\">La Commission de l&rsquo;immigration et du statut de r\u00e9fugi\u00e9, qui examine les demandes d&rsquo;asile, a 64 000 demandes en attente d&rsquo;une d\u00e9cision. Pr\u00e8<\/span><span data-contrast=\"auto\">s de 35 000 de ces demandes \u00e9manent de fronti\u00e8res irr\u00e9guli\u00e8res des \u00c9tats-Unis.<\/span><\/p>\n<p><span data-contrast=\"auto\">En ann\u00e9e \u00e9lectorale f\u00e9d\u00e9rale, les conservateurs de l&rsquo;opposition d\u00e9crivent la situation comme une crise, tandis que les responsables lib\u00e9raux se disent confiants que le probl\u00e8me<\/span><span data-contrast=\"auto\">\u00a0pourra \u00eatre r\u00e9gl\u00e9 gr\u00e2ce \u00e0 des ressources accrues pour la CISR.<\/span><span data-ccp-props=\"{&quot;201341983&quot;:0,&quot;335559739&quot;:160,&quot;335559740&quot;:259}\">\u00a0<\/span><\/p>\n<p><span data-ccp-props=\"{&quot;201341983&quot;:0,&quot;335559739&quot;:160,&quot;335559740&quot;:259}\">\u00a0<\/span><b><span data-contrast=\"auto\">En savoir plus<\/span><\/b><\/p>\n<p><a href=\"https:\/\/immigration.ca\/fr\/immigration-minister-confident-asylum-backlog-can-be-tackled\"><span data-contrast=\"none\">Le ministre de l&rsquo;Immigration reste confiant que l&rsquo;arri\u00e9r\u00e9 d&rsquo;asile<\/span><span data-contrast=\"none\">\u00a0peut s&rsquo;attaquer<\/span><br \/>\n<\/a><a href=\"https:\/\/immigration.ca\/fr\/irregular-border-crossers-flooding-into-canada-costing-taxpayers-millions\"><span data-contrast=\"none\">Des frontaliers irr\u00e9guliers envahissent le Canada, co\u00fbtant des millions de dollars aux contribuables<\/span><br \/>\n<\/a><a href=\"https:\/\/immigration.ca\/fr\/thousands-of-americans-crossing-canada-border-as-asylum-seekers-flee-trump-policies\"><span data-contrast=\"none\">Des milliers d&rsquo;Am\u00e9ricains franchissent la fronti\u00e8re canadienne alors que les demandeurs d&rsquo;asile fuient les politiques de Trump<\/span><br \/>\n<\/a><a href=\"https:\/\/immigration.ca\/fr\/canadas-2018-irregular-border-crosser-numbers-eclipse-first-9-months-of-2017\"><span data-contrast=\"none\">Le nombre d\u2019interceptions frontali\u00e8res, plus grand en 2018 qu\u2019en 2017<\/span><\/p>\n<p><\/a><span data-contrast=\"auto\">L\u2019afflux de frontaliers irr\u00e9guliers a commenc\u00e9 \u00e0 l\u2019\u00e9t\u00e9 2017, lorsque l<\/span><span data-contrast=\"auto\">e pr\u00e9sident des \u00c9tats-Unis, Donald Trump, a menac\u00e9 pour la premi\u00e8re fois le statut de protection temporaire de milliers de personnes d\u2019Am\u00e9rique centrale et m\u00e9ridionale.<\/span><\/p>\n<p><span data-contrast=\"auto\">Les mois de juillet et ao\u00fbt 2017 ont \u00e9t\u00e9 marqu\u00e9s par les passages \u00e0 la fronti\u00e8re les p<\/span><span data-contrast=\"auto\">lus irr\u00e9guliers des deux derni\u00e8res ann\u00e9es, avec 3 134 et 5 712 respectivement franchissant la fronti\u00e8re \u00e0 des points non reconnus.<\/span><\/p>\n<p><span data-contrast=\"auto\">Trump a toujours dit qu&rsquo;il mettrait fin au statut de TPS pour certains groupes de nationalit\u00e9. Le TPS est donn\u00e9 aux personne<\/span><span data-contrast=\"auto\">s originaires de pays touch\u00e9s par la guerre ou des catastrophes environnementales, dans le cadre d&rsquo;un programme mis en place dans les ann\u00e9es 90.<\/span><\/p>\n<p><span data-contrast=\"auto\">La grande majorit\u00e9 de ceux qui traversent la fronti\u00e8re ont envahi le Qu\u00e9bec, o\u00f9 des responsables provinciaux o<\/span><span data-contrast=\"auto\">nt demand\u00e9 au gouvernement f\u00e9d\u00e9ral de prendre en charge le projet de loi relatif aux d\u00e9penses li\u00e9es \u00e0 cette question.<\/span><span data-ccp-props=\"{&quot;201341983&quot;:0,&quot;335559739&quot;:160,&quot;335559740&quot;:259}\">\u00a0<\/span><\/p>\n<p><span data-contrast=\"auto\">Le gouvernement f\u00e9d\u00e9ral r\u00e9partit ceux qui arrivent au Canada pour all\u00e9ger le fardeau de la province francophone.<\/span><\/p>\n<p><span data-contrast=\"auto\">Toutefois, sur les 19 41<\/span><span data-contrast=\"auto\">9 arriv\u00e9s en 2018, 18 518, soit 95%, sont entr\u00e9s au Qu\u00e9bec, principalement par le point de passage de Saint-Bernard-de-Lacolle.<\/span><\/p>\n<p><span data-contrast=\"auto\">Les efforts du gouvernement pour s&rsquo;attaquer au probl\u00e8me se sont concentr\u00e9s sur une campagne d&rsquo;information.<\/span><\/p>\n<p><span data-contrast=\"auto\">Le message central\u00a0<\/span><span data-contrast=\"auto\">est qu&rsquo;il n&rsquo;y a aucune garantie d&rsquo;\u00eatre autoris\u00e9 \u00e0 rester au Canada pour ceux qui traversent la fronti\u00e8re.<\/span><span data-ccp-props=\"{&quot;201341983&quot;:0,&quot;335559739&quot;:160,&quot;335559740&quot;:259}\">\u00a0<\/span><\/p>\n<p><span data-ccp-props=\"{&quot;201341983&quot;:0,&quot;335559739&quot;:160,&quot;335559740&quot;:259}\">\u00a0<\/span><b><span data-contrast=\"auto\">Employeurs int\u00e9ress\u00e9s<\/span><\/b><span data-contrast=\"auto\">\u00a0:\u00a0<\/span><a href=\"https:\/\/immigration.ca\/fr\/zone-employeurs-canadiens\"><span data-contrast=\"none\">veuillez nous contacter<\/span><\/a><span data-contrast=\"auto\">\u00a0pour recevoir de plus amp<\/span><span data-contrast=\"auto\">les informations.<\/span><span data-ccp-props=\"{&quot;201341983&quot;:0,&quot;335559739&quot;:160,&quot;335559740&quot;:259}\">\u00a0<\/span><\/p>\n<p><b><span data-contrast=\"auto\">Candidats int\u00e9ress\u00e9s<\/span><\/b><span data-contrast=\"auto\">\u00a0: d\u00e9couvrez si vous \u00eates admissible au Canada en\u00a0<\/span><a href=\"https:\/\/immigration.ca\/en\/free-immigration-evaluation.html\"><span data-contrast=\"none\">remplissant notre \u00e9valuation gratuite en ligne<\/span><\/a><span data-contrast=\"auto\">. Nous vous fournirons notre \u00e9valuation\u00a0<\/span><span data-contrast=\"auto\">dans les 1 \u00e0 2 jours ouvrables.<\/span><span data-ccp-props=\"{&quot;201341983&quot;:0,&quot;335559739&quot;:160,&quot;335559740&quot;:259}\">\u00a0<\/span><\/p>\n<p><span data-contrast=\"auto\">Lisez plus de nouvelles sur l&rsquo;immigration au Canada en\u00a0<\/span><a href=\"https:\/\/immigration.ca\/fr\/canada-immigration-news-articles-2019\"><span data-contrast=\"none\">cliquant ici<\/span><\/a><span data-contrast=\"auto\">.<\/span><span data-ccp-props=\"{&quot;201341983&quot;:0,&quot;335559739&quot;:160,&quot;335559740&quot;:259}\">\u00a0<\/span><\/p>\n","protected":false},"excerpt":{"rendered":"<p>Le\u00a018 mars 2019 &#8211; Le Canada et les \u00c9tats-Unis discutent actuellement de\u00a0la modification de l\u2019Accord sur les tiers pays s\u00fbrs, qui, selon beaucoup, inciterait les demandeurs d\u2019asile \u00e0 franchir des postes de\u00a0fronti\u00e8re\u00a0non reconnus.\u00a0\u00a0L\u2019accord bilat\u00e9ral signifie que le demandeur d\u2019asile doit\u00a0revendiquer le statut de r\u00e9fugi\u00e9\u00a0dans le premier pays \u00abs\u00fbr\u00bb o\u00f9 il arrive.\u00a0\u00a0Cela signifie que les demandeurs&hellip;<\/p>\n","protected":false},"author":16,"featured_media":58300,"comment_status":"closed","ping_status":"closed","sticky":false,"template":"","format":"standard","meta":{"_acf_changed":false,"footnotes":""},"categories":[4859],"tags":[],"class_list":["post-66576","post","type-post","status-publish","format-standard","has-post-thumbnail","hentry","category-lactualite-canadienne","category-4859","description-off"],"acf":[],"_links":{"self":[{"href":"https:\/\/immigration.ca\/fr\/wp-json\/wp\/v2\/posts\/66576","targetHints":{"allow":["GET"]}}],"collection":[{"href":"https:\/\/immigration.ca\/fr\/wp-json\/wp\/v2\/posts"}],"about":[{"href":"https:\/\/immigration.ca\/fr\/wp-json\/wp\/v2\/types\/post"}],"author":[{"embeddable":true,"href":"https:\/\/immigration.ca\/fr\/wp-json\/wp\/v2\/users\/16"}],"replies":[{"embeddable":true,"href":"https:\/\/immigration.ca\/fr\/wp-json\/wp\/v2\/comments?post=66576"}],"version-history":[{"count":0,"href":"https:\/\/immigration.ca\/fr\/wp-json\/wp\/v2\/posts\/66576\/revisions"}],"wp:featuredmedia":[{"embeddable":true,"href":"https:\/\/immigration.ca\/fr\/wp-json\/wp\/v2\/media\/58300"}],"wp:attachment":[{"href":"https:\/\/immigration.ca\/fr\/wp-json\/wp\/v2\/media?parent=66576"}],"wp:term":[{"taxonomy":"category","embeddable":true,"href":"https:\/\/immigration.ca\/fr\/wp-json\/wp\/v2\/categories?post=66576"},{"taxonomy":"post_tag","embeddable":true,"href":"https:\/\/immigration.ca\/fr\/wp-json\/wp\/v2\/tags?post=66576"}],"curies":[{"name":"wp","href":"https:\/\/api.w.org\/{rel}","templated":true}]}}