{"id":66309,"date":"2019-03-12T20:38:01","date_gmt":"2019-03-12T20:38:01","guid":{"rendered":"https:\/\/immigrationca.staging.wpengine.com\/canada-irregular-border-crossers-drop-to-lowest-level-in-19-months"},"modified":"2019-04-08T02:31:06","modified_gmt":"2019-04-08T02:31:06","slug":"canada-irregular-border-crossers-drop-to-lowest-level-in-19-months","status":"publish","type":"post","link":"https:\/\/immigration.ca\/fr\/canada-irregular-border-crossers-drop-to-lowest-level-in-19-months\/","title":{"rendered":"Le plus bas niveau de frontaliers irr\u00e9guliers vers le Canada en 19 mois"},"content":{"rendered":"<p class=\"p1\"><span class=\"s1\">Le 12 mars 2019 &#8211; Moins de 1 000 frontaliers irr\u00e9guliers ont \u00e9t\u00e9 intercept\u00e9s en provenance des \u00c9tats-Unis vers le Canada en janvier, ce qui repr\u00e9sente la premi\u00e8re fois que ce chiffre est pass\u00e9 en dessous de quatre chiffres, depuis juin 2017.<\/p>\n<p>Au cours du premier mois de 2019, 888 personnes ont \u00e9t\u00e9 intercept\u00e9es par des agents de la GRC, comparativement \u00e0 1 280 le mois pr\u00e9c\u00e9dent et \u00e0 1 517 en janvier 2018.<\/p>\n<p>Le gouvernement f\u00e9d\u00e9ral canadien esp\u00e8re que la r\u00e9duction se poursuivra tout au long de l\u2019ann\u00e9e \u00e9tant donn\u00e9 la politisation de la question par les opposants aux lib\u00e9raux avant les \u00e9lections de novembre.<\/p>\n<p>Le test interviendra \u00e0 mesure que le temps se r\u00e9chauffera et que les conditions deviendront moins p\u00e9rilleuses pour ceux qui sont motiv\u00e9s pour franchir la fronti\u00e8re \u00e0 des endroits non reconnus.<\/p>\n<p>La grande majorit\u00e9 se rend au Qu\u00e9bec en direction de Saint-Bernard-de-Lacolle, avec 871 sur 888 entrant dans la province francophone en janvier.<\/span><\/p>\n<hr \/>\n<p><img fetchpriority=\"high\" decoding=\"async\" class=\"alignnone wp-image-66290\" title=\"Irregular Border Crossers Intercepted By RCMP\" src=\"https:\/\/immigration.ca\/wp-content\/uploads\/2019\/03\/Irregular-Border-Crossers-Intercepted-By-RCMP.png\" alt=\"Irregular Border Crossers Intercepted By RCMP\" width=\"510\" height=\"307\" srcset=\"https:\/\/immigration.ca\/wp-content\/uploads\/2019\/03\/Irregular-Border-Crossers-Intercepted-By-RCMP.png 640w, https:\/\/immigration.ca\/wp-content\/uploads\/2019\/03\/Irregular-Border-Crossers-Intercepted-By-RCMP-300x180.png 300w, https:\/\/immigration.ca\/wp-content\/uploads\/2019\/03\/Irregular-Border-Crossers-Intercepted-By-RCMP-280x168.png 280w\" sizes=\"(max-width: 510px) 100vw, 510px\" \/><\/p>\n<hr \/>\n<p class=\"p1\"><span class=\"s1\">Le chiffre de janvier vient apr\u00e8s que 19 419 demandeurs d\u2019asile aient \u00e9t\u00e9 intercept\u00e9s en 2018, contre 20 593 en 2017.<\/p>\n<p>Le syst\u00e8me d\u2019asile du Canada est \u00e0 pr\u00e9sent \u00e9trangl\u00e9 au point que les demandeurs attendent deux ans avant d\u2019\u00eatre entendus.<\/p>\n<p>La Commission de l&rsquo;immigration et du statut de r\u00e9fugi\u00e9, qui examine les demandes d&rsquo;asile, a 64 000 demandes en attente d&rsquo;une d\u00e9cision. Pr\u00e8s de 35 000 de ces demandes \u00e9manent de fronti\u00e8res irr\u00e9guli\u00e8res des \u00c9tats-Unis.<\/span><\/p>\n<hr \/>\n<p><img decoding=\"async\" class=\"alignnone wp-image-66299\" title=\"Total Irregular Border Crossers\" src=\"https:\/\/immigration.ca\/wp-content\/uploads\/2019\/03\/Total-Irregular-Border-Crossers.png\" alt=\"Total Irregular Border Crossers\" width=\"510\" height=\"315\" srcset=\"https:\/\/immigration.ca\/wp-content\/uploads\/2019\/03\/Total-Irregular-Border-Crossers.png 927w, https:\/\/immigration.ca\/wp-content\/uploads\/2019\/03\/Total-Irregular-Border-Crossers-300x185.png 300w, https:\/\/immigration.ca\/wp-content\/uploads\/2019\/03\/Total-Irregular-Border-Crossers-768x474.png 768w, https:\/\/immigration.ca\/wp-content\/uploads\/2019\/03\/Total-Irregular-Border-Crossers-280x173.png 280w\" sizes=\"(max-width: 510px) 100vw, 510px\" \/><\/p>\n<hr \/>\n<p class=\"p1\"><span class=\"s1\">En ann\u00e9e \u00e9lectorale f\u00e9d\u00e9rale, les conservateurs de l&rsquo;opposition d\u00e9crivent la situation comme une crise, tandis que les responsables lib\u00e9raux se disent confiants que le probl\u00e8me pourra \u00eatre r\u00e9gl\u00e9 gr\u00e2ce \u00e0 des ressources accrues pour la CISR.<\/p>\n<p>L\u2019afflux de frontaliers irr\u00e9guliers a commenc\u00e9 \u00e0 l\u2019\u00e9t\u00e9 2017, lorsque le pr\u00e9sident des \u00c9tats-Unis, Donald Trump, a menac\u00e9 pour la premi\u00e8re fois le statut de protection temporaire de milliers de personnes d\u2019Am\u00e9rique centrale et du Sud.<\/p>\n<p>Les mois de juillet et ao\u00fbt 2017 ont \u00e9t\u00e9 marqu\u00e9s par les passages \u00e0 la fronti\u00e8re les plus irr\u00e9guliers des deux derni\u00e8res ann\u00e9es, avec 3 134 et 5 712 respectivement franchissant la fronti\u00e8re \u00e0 des points non reconnus.<\/span><\/p>\n<p class=\"p3\"><span class=\"s2\"><b>En savoir plus<\/b><\/p>\n<p><a href=\"https:\/\/immigration.ca\/fr\/immigration-minister-confident-asylum-backlog-can-be-tackled\"><span class=\"s3\">Le ministre de l&rsquo;Immigration reste confiant pouvoir s&rsquo;attaquer \u00e0 l&rsquo;arri\u00e9r\u00e9 des demandes d&rsquo;asile <\/span><\/a><br \/>\n<a href=\"https:\/\/immigration.ca\/fr\/irregular-border-crossers-flooding-into-canada-costing-taxpayers-millions\"><span class=\"s3\">Des frontaliers irr\u00e9guliers envahissent le Canada, co\u00fbtant des millions de dollars aux contribuables<\/span><\/a><br \/>\n<a href=\"https:\/\/immigration.ca\/fr\/thousands-of-americans-crossing-canada-border-as-asylum-seekers-flee-trump-policies\"><span class=\"s3\">Des milliers d&rsquo;Am\u00e9ricains franchissent la fronti\u00e8re canadienne alors que les demandeurs d&rsquo;asile fuient les politiques de Trump<\/span><\/a><br \/>\n<a href=\"https:\/\/immigration.ca\/fr\/canadas-2018-irregular-border-crosser-numbers-eclipse-first-9-months-of-2017\"><span class=\"s3\">Le nombre d\u2019interceptions frontali\u00e8res, plus grand en 2018 qu\u2019en 2017<\/span><\/a><\/span><\/p>\n<p class=\"p3\"><span class=\"s1\">Trump a toujours dit qu&rsquo;il mettrait fin au statut de TPS pour certains groupes de nationalit\u00e9. Le TPS est donn\u00e9 aux personnes originaires de pays touch\u00e9s par la guerre ou des catastrophes environnementales, dans le cadre d&rsquo;un programme mis en place dans les ann\u00e9es 90.<\/p>\n<p>La grande majorit\u00e9 de ceux qui traversent la fronti\u00e8re ont envahi le Qu\u00e9bec, o\u00f9 des responsables provinciaux ont demand\u00e9 au gouvernement f\u00e9d\u00e9ral de prendre en charge le projet de loi relatif aux d\u00e9penses li\u00e9es \u00e0 cette question.<\/p>\n<p>Le gouvernement f\u00e9d\u00e9ral r\u00e9partit ceux qui arrivent au Canada pour all\u00e9ger le fardeau de la province francophone.<\/p>\n<p>Toutefois, sur les 19 419 arriv\u00e9s en 2018, 18 518, soit 95%, sont entr\u00e9s au Qu\u00e9bec, principalement par le point de passage de Saint-Bernard-de-Lacolle.<\/span><\/p>\n<hr \/>\n<p><img decoding=\"async\" class=\"alignnone wp-image-66281\" title=\"Irregular Border Crossers By Province, 2018\" src=\"https:\/\/immigration.ca\/wp-content\/uploads\/2019\/03\/Irregular-Border-Crossers-By-Province-2018.jpg\" alt=\"Irregular Border Crossers By Province, 2018\" width=\"510\" height=\"266\" srcset=\"https:\/\/immigration.ca\/wp-content\/uploads\/2019\/03\/Irregular-Border-Crossers-By-Province-2018.jpg 631w, https:\/\/immigration.ca\/wp-content\/uploads\/2019\/03\/Irregular-Border-Crossers-By-Province-2018-300x156.png 300w, https:\/\/immigration.ca\/wp-content\/uploads\/2019\/03\/Irregular-Border-Crossers-By-Province-2018-280x146.png 280w\" sizes=\"(max-width: 510px) 100vw, 510px\" \/><\/p>\n<hr \/>\n<p class=\"p1\"><span class=\"s1\">Les efforts du gouvernement pour s&rsquo;attaquer au probl\u00e8me se sont concentr\u00e9s sur une campagne d&rsquo;information.<\/p>\n<p>Le message central est qu&rsquo;il n&rsquo;y a aucune garantie d&rsquo;\u00eatre autoris\u00e9 \u00e0 rester au Canada pour ceux qui traversent la fronti\u00e8re.<\/p>\n<p>Les frontaliers choisissent de franchir des points non reconnus en raison de l\u2019entente sur les tiers pays s\u00fbrs.<\/p>\n<p>L&rsquo;accord stipule que les demandeurs d&rsquo;asile doivent <a href=\"https:\/\/immigration.ca\/fr\/protection-des-refugies\"><span class=\"s2\">demander le statut de r\u00e9fugi\u00e9<\/span><\/a> dans le pays o\u00f9 ils d\u00e9barquent.<\/p>\n<p>En cons\u00e9quence, si les soi-disant frontaliers irr\u00e9guliers se pr\u00e9sentaient \u00e0 des points de passage frontaliers reconnus, ils seraient refoul\u00e9s.<\/p>\n<p>Nombreux sont donc ceux qui reprochent \u00e0 l&rsquo;accord d&rsquo;avoir forc\u00e9 les demandeurs d&rsquo;asile potentiels \u00e0 franchir des points non reconnus.<\/p>\n<p>La Loi sur l\u2019immigration et la protection des r\u00e9fugi\u00e9s du Canada exige que les pays consid\u00e9r\u00e9s comme \u00abs\u00fbrs\u00bb fassent l\u2019objet d\u2019un examen continu.<\/p>\n<p>Un r\u00e9cent examen ind\u00e9pendant a mis en \u00e9vidence plusieurs probl\u00e8mes li\u00e9s \u00e0 un syst\u00e8me d\u2019asile qui, de par le pass\u00e9, n\u2019a pas \u00e9t\u00e9 en mesure de faire face aux pics de demandes, ce qui a entra\u00een\u00e9 un retard croissant.<\/p>\n<p>L&rsquo;une des recommandations importantes de l&rsquo;examen consistait \u00e0 le placer sous l&rsquo;autorit\u00e9 du ministre de l&rsquo;Immigration, m\u00eame si beaucoup souhaitaient qu&rsquo;il reste ind\u00e9pendant.<\/p>\n<p>Des changements doivent encore avoir lieu en r\u00e9ponse aux recommandations, la CISR ayant le temps de s&rsquo;attaquer seule aux probl\u00e8mes.<\/p>\n<p>Il a r\u00e9cemment annonc\u00e9 la cr\u00e9ation d&rsquo;un groupe de travail sur les cas moins complexes et a mis en place un conseil de gestion des demandes d&rsquo;asile afin d&rsquo;acc\u00e9l\u00e9rer le traitement en am\u00e9liorant la coordination.<\/span><\/p>\n<p class=\"p1\"><span class=\"s1\"><b>Employeurs int\u00e9ress\u00e9s<\/b> : <a href=\"https:\/\/immigration.ca\/fr\/zone-employeurs-canadiens\"><span class=\"s3\">veuillez nous contacter<\/span><\/a> pour recevoir de plus amples informations.<\/span><\/p>\n<p class=\"p1\"><span class=\"s1\"><b>Candidats int\u00e9ress\u00e9s<\/b> : d\u00e9couvrez si vous \u00eates admissible au Canada en <a href=\"https:\/\/immigration.ca\/en\/free-immigration-evaluation.html\"><span class=\"s3\">remplissant notre \u00e9valuation gratuite en ligne<\/span><\/a>. Nous vous fournirons notre \u00e9valuation dans les 1 \u00e0 2 jours ouvrables.<\/span><\/p>\n<p class=\"p1\"><span class=\"s1\">Lisez plus de nouvelles sur l&rsquo;immigration au Canada en <a href=\"https:\/\/immigration.ca\/fr\/canada-immigration-news-articles-2019\"><span class=\"s3\">cliquant ici<\/span><\/a>.<\/span><\/p>\n","protected":false},"excerpt":{"rendered":"<p>Le 12 mars 2019 &#8211; Moins de 1 000 frontaliers irr\u00e9guliers ont \u00e9t\u00e9 intercept\u00e9s en provenance des \u00c9tats-Unis vers le Canada en janvier, ce qui repr\u00e9sente la premi\u00e8re fois que ce chiffre est pass\u00e9 en dessous de quatre chiffres, depuis juin 2017. Au cours du premier mois de 2019, 888 personnes ont \u00e9t\u00e9 intercept\u00e9es par&hellip;<\/p>\n","protected":false},"author":16,"featured_media":48898,"comment_status":"closed","ping_status":"closed","sticky":false,"template":"","format":"standard","meta":{"_acf_changed":false,"footnotes":""},"categories":[4859],"tags":[],"class_list":["post-66309","post","type-post","status-publish","format-standard","has-post-thumbnail","hentry","category-lactualite-canadienne","category-4859","description-off"],"acf":[],"_links":{"self":[{"href":"https:\/\/immigration.ca\/fr\/wp-json\/wp\/v2\/posts\/66309","targetHints":{"allow":["GET"]}}],"collection":[{"href":"https:\/\/immigration.ca\/fr\/wp-json\/wp\/v2\/posts"}],"about":[{"href":"https:\/\/immigration.ca\/fr\/wp-json\/wp\/v2\/types\/post"}],"author":[{"embeddable":true,"href":"https:\/\/immigration.ca\/fr\/wp-json\/wp\/v2\/users\/16"}],"replies":[{"embeddable":true,"href":"https:\/\/immigration.ca\/fr\/wp-json\/wp\/v2\/comments?post=66309"}],"version-history":[{"count":0,"href":"https:\/\/immigration.ca\/fr\/wp-json\/wp\/v2\/posts\/66309\/revisions"}],"wp:featuredmedia":[{"embeddable":true,"href":"https:\/\/immigration.ca\/fr\/wp-json\/wp\/v2\/media\/48898"}],"wp:attachment":[{"href":"https:\/\/immigration.ca\/fr\/wp-json\/wp\/v2\/media?parent=66309"}],"wp:term":[{"taxonomy":"category","embeddable":true,"href":"https:\/\/immigration.ca\/fr\/wp-json\/wp\/v2\/categories?post=66309"},{"taxonomy":"post_tag","embeddable":true,"href":"https:\/\/immigration.ca\/fr\/wp-json\/wp\/v2\/tags?post=66309"}],"curies":[{"name":"wp","href":"https:\/\/api.w.org\/{rel}","templated":true}]}}