{"id":65899,"date":"2019-03-06T03:15:14","date_gmt":"2019-03-06T03:15:14","guid":{"rendered":"https:\/\/immigrationca.staging.wpengine.com\/quebec-to-hold-rally-against-caq-plan-to-cancel-18000-immigration-applications"},"modified":"2019-04-08T00:39:22","modified_gmt":"2019-04-08T00:39:22","slug":"quebec-to-hold-rally-against-caq-plan-to-cancel-18000-immigration-applications","status":"publish","type":"post","link":"https:\/\/immigration.ca\/fr\/quebec-to-hold-rally-against-caq-plan-to-cancel-18000-immigration-applications\/","title":{"rendered":"Le Qu\u00e9bec organisera une manifestation contre le plan de la CAQ visant \u00e0 annuler 18 000 demandes d&rsquo;immigration"},"content":{"rendered":"<p>Le 5 mars 2019 &#8211; Les politiciens de l\u2019opposition qu\u00e9b\u00e9coise pr\u00e9voient organiser un manifestation contre le <a href=\"https:\/\/immigration.ca\/fr\/quebec-to-cancel-50000-pending-immigration-applications\">plan du gouvernement provincial d\u2019annuler 18 000 demandes d\u2019immigration.<\/a><\/p>\n<p>Qu\u00e9bec Solidaire demande aux personnes touch\u00e9es par la d\u00e9cision travaillant d\u00e9j\u00e0 au Canada d&rsquo;assister \u00e0 l&rsquo;\u00e9v\u00e9nement, le 24 f\u00e9vrier au C\u00e9gep Ahuntsic.<\/p>\n<p>Des experts et des membres du public sont \u00e9galement invit\u00e9s \u00e0 assister \u00e0 la soir\u00e9e. Ils esp\u00e8rent que l&rsquo;\u00e9v\u00e9nement contribuera \u00e0 former un mouvement visant \u00e0 mettre fin \u00e0 l&rsquo;annulation massive des demandes d&rsquo;<a href=\"https:\/\/immigration.ca\/fr\/immigration-au-quebec-apercu\">immigration au Qu\u00e9bec<\/a>.<\/p>\n<p>Cette d\u00e9cision intervient apr\u00e8s que le gouvernement de la Coalition Avenir Qu\u00e9bec eut d\u00e9pos\u00e9 le projet de loi 9 plus t\u00f4t en f\u00e9vrier, proposant d&rsquo;annuler les demandes existantes dans le cadre du <a href=\"https:\/\/immigration.ca\/fr\/immigration-des-travailleurs-qualifies-au-quebec\">Programme des travailleurs qualifi\u00e9s du Qu\u00e9bec<\/a>.<\/p>\n<p>La d\u00e9cision toucherait 18 000 demandes d&rsquo;immigration et 50 000 personnes.<\/p>\n<p><b>En savoir plus<\/b><\/p>\n<p><a href=\"https:\/\/immigration.ca\/fr\/quebec-court-to-hear-legal-challenge-against-government-plan-to-apply-new-immigration-law-bill-9\">La Cour du Qu\u00e9bec entendra la demande d\u2019injonction d\u00e9pos\u00e9e contre le projet de loi 9 sur le droit de l\u2019immigration<\/a><\/p>\n<p><a href=\"https:\/\/immigration.ca\/fr\/quebec-sees-large-decline-in-net-migration-to-other-provinces-in-canada\">Le Qu\u00e9bec enregistre une forte baisse de la migration nette vers les autres provinces du Canada<\/a><br \/>\n<a href=\"https:\/\/immigration.ca\/fr\/immigration-ca-livestream-series-immigration-lawyer-colin-singer-reviews-how-important-legislative-changes-affect-candidates-and-employers\">Vid\u00e9o en direct: Colin Singer examine \u00e0 quel point d&rsquo;importants changements l\u00e9gislatifs affectent les candidats et les employeurs<\/a><br \/>\n<a href=\"https:\/\/immigration.ca\/fr\/immigration-ca-livestream-how-canadas-2019-2021-higher-immigration-levels-will-affect-candidates-and-employers\"><span class=\"Apple-converted-space\">\u00a0<\/span>Vid\u00e9o en direct:<span class=\"Apple-converted-space\">\u00a0 <\/span>Comment les niveaux d&rsquo;immigration \u00e9lev\u00e9s du Canada pour 2019-2021 affecteront les candidats et les employeurs<\/a><\/p>\n<p>Les responsables de la CAQ souhaitent que les candidats pr\u00e9sentent une nouvelle candidature dans le nouveau syst\u00e8me de <a href=\"https:\/\/immigration.ca\/fr\/quebec-expression-of-interest-2018\">d\u00e9claration d\u2019int\u00e9r\u00eat<\/a>, dans lequel les profils sont s\u00e9lectionn\u00e9s en fonction de leur ad\u00e9quation aux besoins du march\u00e9 du travail qu\u00e9b\u00e9cois. Le syst\u00e8me est con\u00e7u pour fonctionner de la m\u00eame mani\u00e8re que le syst\u00e8me f\u00e9d\u00e9ral <a href=\"https:\/\/immigration.ca\/fr\/express-entry-immigration-2018\">Entr\u00e9e express<\/a>.<\/p>\n<p>Lanc\u00e9 en septembre 2018, le syst\u00e8me Arrima compte d\u00e9j\u00e0 91 000 profils enregistr\u00e9s, mais aucune invitation \u00e0 postuler n&rsquo;a \u00e9t\u00e9 \u00e9mise.<\/p>\n<p>Le d\u00e9p\u00f4t du projet de loi 9 intervient alors que la CAQ poursuivait sa promesse \u00e9lectorale de r\u00e9duire l&rsquo;immigration au Qu\u00e9bec en 2019, l&rsquo;objectif \u00e9tant de passer de 50 000 \u00e0 40 000 personnes.<\/p>\n<h3>Plan des niveaux d\u2019immigration de la CAQ pour 2019<\/h3>\n<table class=\"wp-block-table is-style-stripes\" cellspacing=\"0\" cellpadding=\"0\">\n<tbody>\n<tr>\n<td valign=\"top\"><\/td>\n<td valign=\"top\"><b>2018<\/b><\/td>\n<td valign=\"top\"><b>2019<\/b><\/td>\n<\/tr>\n<tr>\n<td valign=\"top\"><b>Classe \u00e9conomique<\/b><\/td>\n<td valign=\"top\">31,200<\/td>\n<td valign=\"top\">23,450<\/td>\n<\/tr>\n<tr>\n<td valign=\"top\"><b>Classe familiale<\/b><\/td>\n<td valign=\"top\">11,700<\/td>\n<td valign=\"top\">8,900<\/td>\n<\/tr>\n<tr>\n<td valign=\"top\"><b>R\u00e9fugi\u00e9s<\/b><\/td>\n<td valign=\"top\">9,400<\/td>\n<td valign=\"top\">6,950<\/td>\n<\/tr>\n<\/tbody>\n<\/table>\n<p>La r\u00e9duction de l\u2019immigration intervient malgr\u00e9 la p\u00e9nurie de main-d\u2019\u0153uvre au Qu\u00e9bec, avec environ 100 000 postes vacants dans la province francophone.<\/p>\n<p>Dans le m\u00eame temps, le gouvernement f\u00e9d\u00e9ral a pour objectif d&rsquo;accro\u00eetre l&rsquo;immigration nationale de 350 000 nouveaux arrivants chaque ann\u00e9e d&rsquo;ici 2021, conform\u00e9ment au plan de niveaux publi\u00e9 en octobre 2018.<\/p>\n<p>Le plan f\u00e9d\u00e9ral consiste \u00e0 utiliser l\u2019immigration comme un moyen de lutter contre la contraction du march\u00e9 du travail au Canada, le Qu\u00e9bec \u00e9tant \u00e0 l\u2019avant-garde du nombre croissant de postes vacants.<\/p>\n<p>Le CAQ d\u00e9clare vouloir r\u00e9duire temporairement l&rsquo;immigration afin d&rsquo;am\u00e9liorer le processus d&rsquo;int\u00e9gration des nouveaux immigrants. Le projet de loi 9 mettra d\u00e9finitivement fin \u00e0 des milliers de demandes.<\/p>\n<p>Alors qu\u2019une grande partie du Qu\u00e9bec est confront\u00e9e \u00e0 une p\u00e9nurie chronique de main-d\u2019\u0153uvre, les opposants aux politiques gouvernementales affirment que la province a cruellement besoin d\u2019une immigration accrue, en particulier dans la cat\u00e9gorie \u00e9conomique.<\/p>\n<p>L&rsquo;utilisation de lois r\u00e9troactives est une caract\u00e9ristique des politiques d&rsquo;immigration du Qu\u00e9bec. Il a utilis\u00e9 cet outil juridique par le pass\u00e9 pour d\u00e9finir des crit\u00e8res de demandes en attente, avec effet r\u00e9troactif. Cependant, c\u2019est la premi\u00e8re fois qu\u2019il annule compl\u00e8tement les applications afin de traiter un arri\u00e9r\u00e9 ing\u00e9rable d\u2019applications non trait\u00e9es.<\/p>\n<p><b>Employeurs int\u00e9ress\u00e9s<\/b> : <a href=\"https:\/\/immigration.ca\/fr\/zone-employeurs-canadiens\">veuillez nous contacter<\/a> pour recevoir de plus amples informations.<\/p>\n<p><b>Candidats int\u00e9ress\u00e9s<\/b> : d\u00e9couvrez si vous \u00eates admissible au Canada en <a href=\"https:\/\/immigration.ca\/en\/free-immigration-evaluation.html\">remplissant notre \u00e9valuation gratuite en ligne<\/a>. Nous vous fournirons notre \u00e9valuation dans les 1 \u00e0 2 jours ouvrables.<\/p>\n<p>Lisez plus de nouvelles sur l&rsquo;immigration au Canada en <a href=\"https:\/\/immigration.ca\/fr\/canada-immigration-news-articles-2019\">cliquant ici<\/a>.<\/p>\n","protected":false},"excerpt":{"rendered":"<p>Le 5 mars 2019 &#8211; Les politiciens de l\u2019opposition qu\u00e9b\u00e9coise pr\u00e9voient organiser un manifestation contre le plan du gouvernement provincial d\u2019annuler 18 000 demandes d\u2019immigration. Qu\u00e9bec Solidaire demande aux personnes touch\u00e9es par la d\u00e9cision travaillant d\u00e9j\u00e0 au Canada d&rsquo;assister \u00e0 l&rsquo;\u00e9v\u00e9nement, le 24 f\u00e9vrier au C\u00e9gep Ahuntsic. Des experts et des membres du public sont&hellip;<\/p>\n","protected":false},"author":16,"featured_media":65893,"comment_status":"closed","ping_status":"closed","sticky":false,"template":"","format":"standard","meta":{"_acf_changed":false,"footnotes":""},"categories":[4859,10558,20659],"tags":[],"class_list":["post-65899","post","type-post","status-publish","format-standard","has-post-thumbnail","hentry","category-lactualite-canadienne","category-provincial-news-fr","category-quebec-news-fr","category-4859","category-10558","category-20659","description-off"],"acf":[],"_links":{"self":[{"href":"https:\/\/immigration.ca\/fr\/wp-json\/wp\/v2\/posts\/65899","targetHints":{"allow":["GET"]}}],"collection":[{"href":"https:\/\/immigration.ca\/fr\/wp-json\/wp\/v2\/posts"}],"about":[{"href":"https:\/\/immigration.ca\/fr\/wp-json\/wp\/v2\/types\/post"}],"author":[{"embeddable":true,"href":"https:\/\/immigration.ca\/fr\/wp-json\/wp\/v2\/users\/16"}],"replies":[{"embeddable":true,"href":"https:\/\/immigration.ca\/fr\/wp-json\/wp\/v2\/comments?post=65899"}],"version-history":[{"count":0,"href":"https:\/\/immigration.ca\/fr\/wp-json\/wp\/v2\/posts\/65899\/revisions"}],"wp:featuredmedia":[{"embeddable":true,"href":"https:\/\/immigration.ca\/fr\/wp-json\/wp\/v2\/media\/65893"}],"wp:attachment":[{"href":"https:\/\/immigration.ca\/fr\/wp-json\/wp\/v2\/media?parent=65899"}],"wp:term":[{"taxonomy":"category","embeddable":true,"href":"https:\/\/immigration.ca\/fr\/wp-json\/wp\/v2\/categories?post=65899"},{"taxonomy":"post_tag","embeddable":true,"href":"https:\/\/immigration.ca\/fr\/wp-json\/wp\/v2\/tags?post=65899"}],"curies":[{"name":"wp","href":"https:\/\/api.w.org\/{rel}","templated":true}]}}