{"id":65867,"date":"2019-03-06T03:00:27","date_gmt":"2019-03-06T03:00:27","guid":{"rendered":"https:\/\/immigrationca.staging.wpengine.com\/canada-and-montreal-among-worlds-best-for-global-talent-competitiveness"},"modified":"2019-04-08T00:55:41","modified_gmt":"2019-04-08T00:55:41","slug":"canada-and-montreal-among-worlds-best-for-global-talent-competitiveness","status":"publish","type":"post","link":"https:\/\/immigration.ca\/fr\/canada-and-montreal-among-worlds-best-for-global-talent-competitiveness\/","title":{"rendered":"Le Canada et la ville de Montr\u00e9al parmi les meilleurs au monde en mati\u00e8re de comp\u00e9titivit\u00e9 des talents mondiaux"},"content":{"rendered":"<p>Le 5 mars 2019 &#8211; Le Canada figure parmi les pays les plus comp\u00e9titifs au monde en mati\u00e8re d&rsquo;attraction de <a href=\"https:\/\/immigration.ca\/fr\/canada-work-permit-global-talent-stream\">talents mondiaux<\/a>. Montr\u00e9al est la ville la plus performante, selon un nouvel \u00e9tude.<\/p>\n<p>L\u2019indice mondial de la comp\u00e9titivit\u00e9 des talents classe les pays et les villes en fonction de leur capacit\u00e9 \u00e0 produire, attirer, d\u00e9velopper et fid\u00e9liser les travailleurs les plus brillants du monde.<\/p>\n<p>Le Canada s&rsquo;est class\u00e9 au 15e rang mondial, marquant des points importants pour sa capacit\u00e9 \u00e0 attirer et \u00e0 d\u00e9velopper les talents, son manque d&rsquo;obstacles r\u00e9glementaires et le niveau de comp\u00e9tences g\u00e9n\u00e9ral de ses travailleurs.<\/p>\n<h3>Indice de comp\u00e9titivit\u00e9 des talents mondiaux 2019 : Les 20 principaux pays<\/h3>\n<table class=\"wp-block-table is-style-stripes\" cellspacing=\"0\" cellpadding=\"0\">\n<tbody>\n<tr>\n<td valign=\"top\"><b>RANG<\/b><\/td>\n<td valign=\"top\"><b>PAYS<\/b><\/td>\n<td valign=\"top\"><b>NOTE<\/b><\/td>\n<\/tr>\n<tr>\n<td valign=\"top\">1<\/td>\n<td valign=\"top\">Suisse<\/td>\n<td valign=\"top\">81.82<\/td>\n<\/tr>\n<tr>\n<td valign=\"top\">2<\/td>\n<td valign=\"top\">Singapour<\/td>\n<td valign=\"top\">77.27<\/td>\n<\/tr>\n<tr>\n<td valign=\"top\">3<\/td>\n<td valign=\"top\">Etats-Unis<\/td>\n<td valign=\"top\">76.64<\/td>\n<\/tr>\n<tr>\n<td valign=\"top\">4<\/td>\n<td valign=\"top\">Norv\u00e8ge<\/td>\n<td valign=\"top\">74.67<\/td>\n<\/tr>\n<tr>\n<td valign=\"top\">5<\/td>\n<td valign=\"top\">Danemark<\/td>\n<td valign=\"top\">73.85<\/td>\n<\/tr>\n<tr>\n<td valign=\"top\">6<\/td>\n<td valign=\"top\">Finlande<\/td>\n<td valign=\"top\">73.78<\/td>\n<\/tr>\n<tr>\n<td valign=\"top\">7<\/td>\n<td valign=\"top\">Su\u00e8de<\/td>\n<td valign=\"top\">73.53<\/td>\n<\/tr>\n<tr>\n<td valign=\"top\">8<\/td>\n<td valign=\"top\">Pays-Bas<\/td>\n<td valign=\"top\">73.02<\/td>\n<\/tr>\n<tr>\n<td valign=\"top\">9<\/td>\n<td valign=\"top\">Royaume-Uni<\/td>\n<td valign=\"top\">71.44<\/td>\n<\/tr>\n<tr>\n<td valign=\"top\">10<\/td>\n<td valign=\"top\">Luxembourg<\/td>\n<td valign=\"top\">71.18<\/td>\n<\/tr>\n<tr>\n<td valign=\"top\">11<\/td>\n<td valign=\"top\">Nouvelle-Z\u00e9lande<\/td>\n<td valign=\"top\">71.12<\/td>\n<\/tr>\n<tr>\n<td valign=\"top\">12<\/td>\n<td valign=\"top\">Australie<\/td>\n<td valign=\"top\">71.08<\/td>\n<\/tr>\n<tr>\n<td valign=\"top\">13<\/td>\n<td valign=\"top\">Islande<\/td>\n<td valign=\"top\">71.03<\/td>\n<\/tr>\n<tr>\n<td valign=\"top\">14<\/td>\n<td valign=\"top\">Allemagne<\/td>\n<td valign=\"top\">70.72<\/td>\n<\/tr>\n<tr>\n<td valign=\"top\"><b>15<\/b><\/td>\n<td valign=\"top\"><b>Canada<span class=\"Apple-converted-space\">\u00a0<\/span><\/b><\/td>\n<td valign=\"top\"><b>70.43<\/b><\/td>\n<\/tr>\n<tr>\n<td valign=\"top\">16<\/td>\n<td valign=\"top\">Irlande<\/td>\n<td valign=\"top\">70.15<\/td>\n<\/tr>\n<tr>\n<td valign=\"top\">17<\/td>\n<td valign=\"top\">Belgique<\/td>\n<td valign=\"top\">68.48<\/td>\n<\/tr>\n<tr>\n<td valign=\"top\">18<\/td>\n<td valign=\"top\">L&rsquo;Autriche<\/td>\n<td valign=\"top\">68.31<\/td>\n<\/tr>\n<tr>\n<td valign=\"top\">19<\/td>\n<td valign=\"top\">\u00c9mirats arabes unis<\/td>\n<td valign=\"top\">65.9<\/td>\n<\/tr>\n<tr>\n<td valign=\"top\">20<\/td>\n<td valign=\"top\">Isra\u00ebl<\/td>\n<td valign=\"top\">63.26<\/td>\n<\/tr>\n<\/tbody>\n<\/table>\n<p>Montr\u00e9al, quant \u00e0 elle, a termin\u00e9 24e sur la liste des villes, avec des scores \u00e9lev\u00e9s sur le niveau de scolarit\u00e9 de son march\u00e9 de travail et de sa population, sa qualit\u00e9 de vie et son environnement, ainsi que son prix abordable.<\/p>\n<p>Parmi les autres villes canadiennes \u00e0 avoir une place de choix, citons Ottawa (29e place) et Toronto (33e).<\/p>\n<h3>Indice de comp\u00e9titivit\u00e9 des talents mondiaux 2019 : Les 25 principaux villes<\/h3>\n<table class=\"wp-block-table is-style-stripes\" cellspacing=\"0\" cellpadding=\"0\">\n<tbody>\n<tr>\n<td valign=\"top\"><b>RANG<\/b><\/td>\n<td valign=\"top\"><b>PAYS<\/b><\/td>\n<td valign=\"top\"><b>NOTE<\/b><\/td>\n<\/tr>\n<tr>\n<td valign=\"top\">1<\/td>\n<td valign=\"top\">Washington, DC (\u00c9tats-Unis)<\/td>\n<td valign=\"top\">69.2<\/td>\n<\/tr>\n<tr>\n<td valign=\"top\">2<\/td>\n<td valign=\"top\">Copenhague, Danemark)<\/td>\n<td valign=\"top\">68<\/td>\n<\/tr>\n<tr>\n<td valign=\"top\">3<\/td>\n<td valign=\"top\">Oslo, Norv\u00e8ge)<\/td>\n<td valign=\"top\">66.1<\/td>\n<\/tr>\n<tr>\n<td valign=\"top\">4<\/td>\n<td valign=\"top\">Vienne, Autriche)<\/td>\n<td valign=\"top\">65.7<\/td>\n<\/tr>\n<tr>\n<td valign=\"top\">5<\/td>\n<td valign=\"top\">Zurich, Suisse)<\/td>\n<td valign=\"top\">65.5<\/td>\n<\/tr>\n<tr>\n<td valign=\"top\">6<\/td>\n<td valign=\"top\">Boston (\u00c9tats-Unis)<\/td>\n<td valign=\"top\">65.4<\/td>\n<\/tr>\n<tr>\n<td valign=\"top\">7<\/td>\n<td valign=\"top\">Helsinki, Finlande)<\/td>\n<td valign=\"top\">65<\/td>\n<\/tr>\n<tr>\n<td valign=\"top\">8<\/td>\n<td valign=\"top\">New York (\u00c9tats-Unis)<\/td>\n<td valign=\"top\">64.6<\/td>\n<\/tr>\n<tr>\n<td valign=\"top\">9<\/td>\n<td valign=\"top\">Paris (France)<\/td>\n<td valign=\"top\">63.5<\/td>\n<\/tr>\n<tr>\n<td valign=\"top\">10<\/td>\n<td valign=\"top\">S\u00e9oul (Cor\u00e9e du Sud)<\/td>\n<td valign=\"top\">62.7<\/td>\n<\/tr>\n<tr>\n<td valign=\"top\">11<\/td>\n<td valign=\"top\">Stockholm (Su\u00e8de)<\/td>\n<td valign=\"top\">62.6<\/td>\n<\/tr>\n<tr>\n<td valign=\"top\">12<\/td>\n<td valign=\"top\">San Francisco (\u00c9tats-Unis)<\/td>\n<td valign=\"top\">62.5<\/td>\n<\/tr>\n<tr>\n<td valign=\"top\">13<\/td>\n<td valign=\"top\">Seattle (\u00c9tats-Unis)<\/td>\n<td valign=\"top\">62.1<\/td>\n<\/tr>\n<tr>\n<td valign=\"top\">14<\/td>\n<td valign=\"top\">Londres (Royaume-Uni)<\/td>\n<td valign=\"top\">62.1<\/td>\n<\/tr>\n<tr>\n<td valign=\"top\">15<\/td>\n<td valign=\"top\">Taipei (Taipei chinois)<\/td>\n<td valign=\"top\">60.5<\/td>\n<\/tr>\n<tr>\n<td valign=\"top\">16<\/td>\n<td valign=\"top\">Gen\u00e8ve, Suisse<\/td>\n<td valign=\"top\">59.1<\/td>\n<\/tr>\n<tr>\n<td valign=\"top\">17<\/td>\n<td valign=\"top\">Singapour, Singapour<\/td>\n<td valign=\"top\">58.7<\/td>\n<\/tr>\n<tr>\n<td valign=\"top\">18<\/td>\n<td valign=\"top\">Bruxelles, Belgique<\/td>\n<td valign=\"top\">58.5<\/td>\n<\/tr>\n<tr>\n<td valign=\"top\">19<\/td>\n<td valign=\"top\">Tokyo, Japon<\/td>\n<td valign=\"top\">58.4<\/td>\n<\/tr>\n<tr>\n<td valign=\"top\">20<\/td>\n<td valign=\"top\">Munich, Allemagne<\/td>\n<td valign=\"top\">58.3<\/td>\n<\/tr>\n<tr>\n<td valign=\"top\">21<\/td>\n<td valign=\"top\">Amsterdam, Pays-Bas<\/td>\n<td valign=\"top\">58.1<\/td>\n<\/tr>\n<tr>\n<td valign=\"top\">22<\/td>\n<td valign=\"top\">Los Angeles (\u00c9tats-Unis)<\/td>\n<td valign=\"top\">57.8<\/td>\n<\/tr>\n<tr>\n<td valign=\"top\">23<\/td>\n<td valign=\"top\">Madrid, Espagne<\/td>\n<td valign=\"top\">56.9<\/td>\n<\/tr>\n<tr>\n<td valign=\"top\"><b>24<\/b><\/td>\n<td valign=\"top\"><b>Montr\u00e9al, Canada<\/b><\/td>\n<td valign=\"top\"><b>56.7<\/b><\/td>\n<\/tr>\n<tr>\n<td valign=\"top\">25<\/td>\n<td valign=\"top\">Prague, R\u00e9publique Tch\u00e8que<\/td>\n<td valign=\"top\">55.7<\/td>\n<\/tr>\n<\/tbody>\n<\/table>\n<h3>Autres villes remarquables :<\/h3>\n<table class=\"wp-block-table is-style-stripes\" cellspacing=\"0\" cellpadding=\"0\">\n<tbody>\n<tr>\n<td valign=\"top\"><b>29<\/b><\/td>\n<td valign=\"top\"><b>Ottawa (Canada)<\/b><\/td>\n<td valign=\"top\"><b>54.4<\/b><\/td>\n<\/tr>\n<tr>\n<td valign=\"top\"><b>33<\/b><\/td>\n<td valign=\"top\"><b>Toronto, Canada)<\/b><\/td>\n<td valign=\"top\"><b>53.9<\/b><\/td>\n<\/tr>\n<\/tbody>\n<\/table>\n<p>Ottawa se distingue \u00e9galement pour l&rsquo;environnement et la qualit\u00e9 de vie, ainsi que pour les niveaux d&rsquo;\u00e9ducation \u00e9lev\u00e9s. Toronto, quant \u00e0 elle, a obtenu de tr\u00e8s bons r\u00e9sultats en mati\u00e8re d\u2019\u00e9ducation, de qualit\u00e9 de vie et d\u2019acc\u00e8s \u00e0 Internet, perdant ainsi de l\u2019abordabilit\u00e9.<\/p>\n<p>En regardant de plus pr\u00e8s dans la performance du Canada, il n\u2019est pas surprenant de voir le Canada se classer au septi\u00e8me rang mondial pour attirer les talents mondiaux.<\/p>\n<p>Le gouvernement lib\u00e9ral a fait un travail consid\u00e9rable pour aider le Canada \u00e0 faire venir plus facilement les meilleurs travailleurs \u00e9trangers du monde.<\/p>\n<p><b>En savoir plus<\/b><\/p>\n<p><a href=\"https:\/\/immigration.ca\/tackling-canada-technology-sector-shortage-using-global-talent-stream\">S&rsquo;attaquer \u00e0 la p\u00e9nurie de technologies au Canada au moyen d&rsquo;un Volet de tale<\/a>nts mondiaux<br \/>\n<a href=\"https:\/\/immigration.ca\/fr\/how-canadas-global-talent-stream-quickly-targets-the-worlds-best-technology-workers\">Comment le Volet des talents globale cible rapidement les meilleurs travailleurs de la technologie du monde<\/a><br \/>\n<a href=\"https:\/\/immigration.ca\/canada-adds-3-new-jobs-to-expanded-global-talent-stream\/\">Le Canada cr\u00e9e trois nouveaux emplois pour \u00e9largir son Volet des talents mondiaux<\/a><\/p>\n<p>Le <a href=\"https:\/\/immigration.ca\/fr\/canada-work-permit-global-talent-stream\">Volet des talents mondiaux<\/a> a \u00e9t\u00e9 lanc\u00e9 en 2017 et introduit le traitement des <a href=\"https:\/\/immigration.ca\/fr\/visa-de-travail-canadien-travailler-au-canada\">permis de travail canadiens<\/a> d&rsquo;une dur\u00e9e de deux semaines pour les travailleurs \u00e9trangers poss\u00e9dant une expertise dans d&rsquo;importants m\u00e9tiers en demande.<\/p>\n<p>Dans la cat\u00e9gorie \u00ab\u00a0Attirer\u00a0\u00bb de l\u2019indice, le Canada a obtenu les meilleurs r\u00e9sultats en mati\u00e8re de tol\u00e9rance \u00e0 l\u2019\u00e9gard des immigrants, de mobilit\u00e9 sociale et de pr\u00e9valence de la propri\u00e9t\u00e9 \u00e9trang\u00e8re.<\/p>\n<p>L\u2019une des tendances importantes relev\u00e9es dans l\u2019indice de cette ann\u00e9e \u00e9tait l\u2019esprit d\u2019entreprise, autre domaine dans lequel le gouvernement canadien s\u2019efforce de faire de la croissance.<\/p>\n<p>Les lib\u00e9raux f\u00e9d\u00e9raux se r\u00e9jouiront d\u2019avoir obtenu d&rsquo;excellents r\u00e9sultats dans la cat\u00e9gorie \u00abActiver\u00bb, se classant au 11e rang mondial pour des facteurs tels que la stabilit\u00e9 politique, le manque de corruption, le professionnalisme de la gestion et l&rsquo;efficacit\u00e9 du gouvernement.<\/p>\n<p><b>Si vous \u00eates un candidat \u00e0 la recherche d&rsquo;un emploi au Canada ou un employeur qui cherche \u00e0 recruter des talents \u00e9trangers \u00e0 l&rsquo;\u00e9tranger, immigration.ca peut vous aider. Acc\u00e9dez \u00e0 notre expertise par l&rsquo;interm\u00e9diaire de nos entreprises de recrutement internes, <\/b><a href=\"http:\/\/www.skilledworker.com\" rel=\"noopener\"><b>www.skilledworker.com<\/b><\/a><b>, et de notre nouvel actif, <\/b><a href=\"http:\/\/www.skilledworker.com\" rel=\"noopener\"><b>www.skilledworker.com<\/b><\/a><b>, \u00able leader du recrutement \u00e0 l&rsquo;\u00e9tranger\u00bb.<\/b><\/p>\n<p>Si le Canada r\u00e9ussit bien \u00e0 attirer des talents \u00e9trangers, il se d\u00e9veloppe \u00e9galement, c\u2019est-\u00e0-dire qu\u2019il se classe bien dans la cat\u00e9gorie \u00ab\u00a0Croissance\u00a0\u00bb de l\u2019indice, qui pr\u00e9sente une multitude de facteurs li\u00e9s \u00e0 son syst\u00e8me \u00e9ducatif.<\/p>\n<p>Le score \u00e9lev\u00e9 du Canada dans la cat\u00e9gorie \u00abConnaissances globales\u00bb de l\u2019indice \u00e9tait bas\u00e9 sur le fait qu\u2019il \u00e9tait n \u00b0 1 mondial pour l\u2019enseignement sup\u00e9rieur de sa population active et de sa population active.<\/p>\n<p>La disponibilit\u00e9 de scientifiques et d&rsquo;ing\u00e9nieurs et l&rsquo;activit\u00e9 entrepreneuriale ont \u00e9galement \u00e9t\u00e9 tr\u00e8s appr\u00e9ci\u00e9es.<\/p>\n<p>Alors que l&rsquo;indice affichait une solide performance g\u00e9n\u00e9rale du Canada, la 15\u00e8me position signifie qu&rsquo;il y a encore beaucoup \u00e0 faire pour am\u00e9liorer la liste dress\u00e9e par la Suisse, Singapour et les \u00c9tats-Unis.<\/p>\n<p>Les d\u00e9cideurs canadiens sous le gouvernement lib\u00e9ral chercheront des moyens d&rsquo;am\u00e9liorer la comp\u00e9titivit\u00e9 mondiale du pays en mati\u00e8re de talents.<\/p>\n<h3>Vid\u00e9o: S&rsquo;attaquer \u00e0 la p\u00e9nurie de technologies au Canada gr\u00e2ce \u00e0 un Volet des talents mondiaux<\/h3>\n<p><iframe src=\"https:\/\/www.youtube.com\/embed\/tIVoQkrHZvY\" width=\"560\" height=\"315\" frameborder=\"0\" allowfullscreen=\"allowfullscreen\"><\/iframe><\/p>\n<p><b>Employeurs int\u00e9ress\u00e9s<\/b> : <a href=\"https:\/\/immigration.ca\/fr\/zone-employeurs-canadiens\">veuillez nous contacter<\/a> pour recevoir de plus amples informations.<\/p>\n<p><b>Candidats int\u00e9ress\u00e9s<\/b> : d\u00e9couvrez si vous \u00eates admissible au Canada en <a href=\"https:\/\/immigration.ca\/en\/free-immigration-evaluation.html\">remplissant notre \u00e9valuation gratuite en ligne<\/a>. Nous vous fournirons notre \u00e9valuation dans les 1 \u00e0 2 jours ouvrables.<\/p>\n<p>Lisez plus de nouvelles sur l&rsquo;immigration au Canada en <a href=\"https:\/\/immigration.ca\/fr\/canada-immigration-news-articles-2019\">cliquant ici<\/a>.<\/p>\n<p>&nbsp;<\/p>\n","protected":false},"excerpt":{"rendered":"<p>Le 5 mars 2019 &#8211; Le Canada figure parmi les pays les plus comp\u00e9titifs au monde en mati\u00e8re d&rsquo;attraction de talents mondiaux. Montr\u00e9al est la ville la plus performante, selon un nouvel \u00e9tude. L\u2019indice mondial de la comp\u00e9titivit\u00e9 des talents classe les pays et les villes en fonction de leur capacit\u00e9 \u00e0 produire, attirer, d\u00e9velopper&hellip;<\/p>\n","protected":false},"author":16,"featured_media":64312,"comment_status":"closed","ping_status":"closed","sticky":false,"template":"","format":"standard","meta":{"_acf_changed":false,"footnotes":""},"categories":[4859],"tags":[],"class_list":["post-65867","post","type-post","status-publish","format-standard","has-post-thumbnail","hentry","category-lactualite-canadienne","category-4859","description-off"],"acf":[],"_links":{"self":[{"href":"https:\/\/immigration.ca\/fr\/wp-json\/wp\/v2\/posts\/65867","targetHints":{"allow":["GET"]}}],"collection":[{"href":"https:\/\/immigration.ca\/fr\/wp-json\/wp\/v2\/posts"}],"about":[{"href":"https:\/\/immigration.ca\/fr\/wp-json\/wp\/v2\/types\/post"}],"author":[{"embeddable":true,"href":"https:\/\/immigration.ca\/fr\/wp-json\/wp\/v2\/users\/16"}],"replies":[{"embeddable":true,"href":"https:\/\/immigration.ca\/fr\/wp-json\/wp\/v2\/comments?post=65867"}],"version-history":[{"count":0,"href":"https:\/\/immigration.ca\/fr\/wp-json\/wp\/v2\/posts\/65867\/revisions"}],"wp:featuredmedia":[{"embeddable":true,"href":"https:\/\/immigration.ca\/fr\/wp-json\/wp\/v2\/media\/64312"}],"wp:attachment":[{"href":"https:\/\/immigration.ca\/fr\/wp-json\/wp\/v2\/media?parent=65867"}],"wp:term":[{"taxonomy":"category","embeddable":true,"href":"https:\/\/immigration.ca\/fr\/wp-json\/wp\/v2\/categories?post=65867"},{"taxonomy":"post_tag","embeddable":true,"href":"https:\/\/immigration.ca\/fr\/wp-json\/wp\/v2\/tags?post=65867"}],"curies":[{"name":"wp","href":"https:\/\/api.w.org\/{rel}","templated":true}]}}