{"id":59585,"date":"2018-12-06T01:53:06","date_gmt":"2018-12-06T01:53:06","guid":{"rendered":"https:\/\/immigrationca.staging.wpengine.com\/canadian-federal-government-to-promote-the-benefits-of-immigration-programs\/"},"modified":"2019-02-02T04:56:49","modified_gmt":"2019-02-02T04:56:49","slug":"canadian-federal-government-to-promote-the-benefits-of-immigration-programs","status":"publish","type":"post","link":"https:\/\/immigration.ca\/fr\/canadian-federal-government-to-promote-the-benefits-of-immigration-programs\/","title":{"rendered":"Le gouvernement f\u00e9d\u00e9ral canadien fera la promotion des avantages des programmes d&rsquo;immigration"},"content":{"rendered":"<p>Le 5 d\u00e9cembre 2018 &#8211; Le gouvernement f\u00e9d\u00e9ral du Canada s\u2019est lanc\u00e9 dans une nouvelle campagne pour promouvoir les effets positifs de l\u2019immigration.<\/p>\n<p>Le projet #Immigration\u00c7aCompte demande aux membres du public de partager des histoires communautaires de r\u00e9ussite sur un th\u00e8me li\u00e9 \u00e0 l&rsquo;immigration.<\/p>\n<p>C\u2019est une tentative des lib\u00e9raux de Justin Trudeau de lutter contre la n\u00e9gativit\u00e9 \u00e0 l\u2019\u00e9gard de l\u2019immigration qui gagne actuellement du terrain en politique dans le monde entier.<\/p>\n<p>Les \u00e9lections f\u00e9d\u00e9rales ayant lieu dans moins d\u2019un an, le Premier ministre est conscient du fait qu\u2019il a besoin que les Canadiens restent derri\u00e8re son programme en faveur de l\u2019immigration.<\/p>\n<p>Sous Trudeau, Immigration R\u00e9fugi\u00e9s et Citoyennet\u00e9 Canada pr\u00e9voit d\u2019augmenter les niveaux d\u2019immigration \u00e0 350 000 par an d\u2019ici 2021.<\/p>\n<hr \/>\n<p><b>En savoir plus<\/b><br \/>\n<a href=\"https:\/\/immigration.ca\/fr\/major-survey-says-canadians-remain-positive-on-immigration\">Les Canadiens toujours positifs au sujet de l&rsquo;immigration, selon un important sondage<\/a><br \/>\n<a href=\"https:\/\/immigration.ca\/fr\/canada-immigration-annual-levels-breakdown-which-categories-are-most-popular\">R\u00e9partition des niveaux annuels d&rsquo;immigration au Canada: quelles cat\u00e9gories sont les plus populaires?<\/a><br \/>\n<a href=\"https:\/\/immigration.ca\/fr\/federal-government-report-highlights-success-of-economic-immigrants\">Un rapport du gouvernement f\u00e9d\u00e9ral souligne le succ\u00e8s des immigrants \u00e9conomiques<\/a><\/p>\n<hr \/>\n<p>M\u00eame si les chiffres vont augmenter de mani\u00e8re g\u00e9r\u00e9e et r\u00e9alisable dans le cadre de ce plan, l\u2019immigration sera certainement l\u2019une des questions les plus importantes lors du vote des Canadiens le 21 octobre 2019.<\/p>\n<p>En effet, les rivaux politiques accusent d\u00e9j\u00e0 la campagne #Immigration\u00c7aCompte d\u2019\u00eatre une \u00abpropagande\u00bb.<\/p>\n<p>Gr\u00e2ce \u00e0 cette initiative, les histoires positives re\u00e7ues sont publi\u00e9es sur le site Web de la campagne et par les m\u00e9dias sociaux.<\/p>\n<p>Les contributeurs peuvent recevoir une bo\u00eete \u00e0 outils expliquant comment mettre en valeur des messages importants dans leurs r\u00e9cits. Des boutons et des cartes de visite sont \u00e9galement disponibles pour promouvoir les avantages de l&rsquo;immigration.<\/p>\n<p>Le ministre de l&rsquo;Immigration, Ahmed Hussen, a d\u00e9clar\u00e9 que la campagne visait \u00e0 rappeler aux Canadiens les b\u00e9n\u00e9fices de l&rsquo;immigration et la raison pour laquelle \u00abelle est essentielle non seulement pour la communaut\u00e9 locale mais pour notre prosp\u00e9rit\u00e9 collective\u00bb.<\/p>\n<p>\u00abNous avons donc besoin d\u2019histoires pour montrer que, dans la grande majorit\u00e9 des cas, les nouveaux arrivants r\u00e9ussissent et que leurs enfants r\u00e9ussissent aussi\u00bb, a d\u00e9clar\u00e9 Hussen.<\/p>\n<p>Tandis que les opposants politiques du parti conservateur ont critiqu\u00e9 le mouvement, d\u2019autres ont f\u00e9licit\u00e9 le gouvernement d\u2019avoir tent\u00e9 d\u2019apporter une attitude positive \u00e0 un sujet qui a r\u00e9cemment connu une vague de n\u00e9gativit\u00e9.<\/p>\n<p>Selon le plan sur les niveaux d&rsquo;immigration publi\u00e9 fin octobre, Hussen a r\u00e9v\u00e9l\u00e9 que le Canada accueillera 350 000 nouveaux arrivants par an d&rsquo;ici 2021, contre 310 000 pr\u00e9vus en 2018.<\/p>\n<hr \/>\n<p><img fetchpriority=\"high\" decoding=\"async\" class=\"alignnone wp-image-59559\" title=\"Canada Immigration Levels Plan 2016 to 2021 Comparison\" src=\"https:\/\/immigration.ca\/wp-content\/uploads\/2018\/12\/Canada-Immigration-Levels-Plan-2016-to-2021-Comparison-1024x603.png\" alt=\"Canada Immigration Levels Plan 2016 to 2021 Comparison\" width=\"510\" height=\"300\" srcset=\"https:\/\/immigration.ca\/wp-content\/uploads\/2018\/12\/Canada-Immigration-Levels-Plan-2016-to-2021-Comparison-1024x603.png 1024w, https:\/\/immigration.ca\/wp-content\/uploads\/2018\/12\/Canada-Immigration-Levels-Plan-2016-to-2021-Comparison-300x177.png 300w, https:\/\/immigration.ca\/wp-content\/uploads\/2018\/12\/Canada-Immigration-Levels-Plan-2016-to-2021-Comparison-768x452.png 768w, https:\/\/immigration.ca\/wp-content\/uploads\/2018\/12\/Canada-Immigration-Levels-Plan-2016-to-2021-Comparison-280x165.png 280w, https:\/\/immigration.ca\/wp-content\/uploads\/2018\/12\/Canada-Immigration-Levels-Plan-2016-to-2021-Comparison-1170x688.png 1170w, https:\/\/immigration.ca\/wp-content\/uploads\/2018\/12\/Canada-Immigration-Levels-Plan-2016-to-2021-Comparison.png 1312w\" sizes=\"(max-width: 510px) 100vw, 510px\" \/><\/p>\n<hr \/>\n<h3>Classe \u00e9conomique<\/h3>\n<p>Selon le plan, la cat\u00e9gorie des travailleurs hautement qualifi\u00e9s passera \u00e0 88 800 en 2021, ce qui repr\u00e9sente le nombre d&rsquo;immigrants qui arrivent au Canada par l&rsquo;entremise du syst\u00e8me <a href=\"https:\/\/immigration.ca\/fr\/express-entry-immigration-2018\/\">Entr\u00e9e express<\/a>.<\/p>\n<p>Ceux-ci comprennent ceux qui participent au <a href=\"https:\/\/immigration.ca\/fr\/travailleurs-qualifies-vue-densemble\/\">Programme f\u00e9d\u00e9ral des travailleurs qualifi\u00e9s<\/a>, au <a href=\"https:\/\/immigration.ca\/fr\/programme-des-travailleurs-de-metiers-specialises\">Programme f\u00e9d\u00e9ral des m\u00e9tiers sp\u00e9cialis\u00e9s<\/a> et \u00e0 la <a href=\"https:\/\/immigration.ca\/fr\/categorie-de-lexperience-canadienne\/\">cat\u00e9gorie de l&rsquo;exp\u00e9rience canadienne<\/a>.<\/p>\n<p>Ailleurs, le quota des programmes de candidats des provinces augmentera \u00e9galement pour atteindre 71 300 en 2021, ce qui repr\u00e9sente une augmentation de plus de 10 000 immigrants entre 2019 et 2021 pour les PCP.<\/p>\n<p>Les <a href=\"https:\/\/immigration.ca\/fr\/atlantic-immigration-pilot\/\">programmes pilote d\u2019immigration au Canada Atlantique<\/a>, les aides r\u00e9sidents familiaux, les <a href=\"https:\/\/immigration.ca\/fr\/immigration-des-travailleurs-qualifies-au-quebec\/\">Travailleurs qualifi\u00e9s du Qu\u00e9bec<\/a> et <a href=\"https:\/\/immigration.ca\/fr\/immigration-au-quebec-gens-daffaires\/\">programmes<\/a> des gens d\u2019affaires sont tous d\u00e9sign\u00e9s comme \u00ab\u00e0 d\u00e9terminer\u00bb dans le plan 2021. Cependant, la classe \u00e9conomique a tout le loisir de fournir ces allocations ult\u00e9rieurement.<\/p>\n<h3>Regroupement familial<\/h3>\n<p>La cat\u00e9gorie du <a href=\"https:\/\/immigration.ca\/fr\/apercu-de-limmigration-de-parrainage-familial\/\">regroupement familial<\/a> conna\u00eetra les plus faibles augmentations.<\/p>\n<p>En 2019, le plan de niveaux permet \u00e0 88 500 nouveaux arrivants de la cat\u00e9gorie du regroupement familial, contre 86 000 avec le plan de 2018.<\/p>\n<p>Ce nombre passera \u00e0 91 000 en 2020 et restera inchang\u00e9 en 2021.<\/p>\n<p>Plus de 90 000 lieux de regroupement familial repr\u00e9sentent toujours un engagement important du gouvernement f\u00e9d\u00e9ral dans cette cat\u00e9gorie, m\u00eame s&rsquo;il est clair que les augmentations sont concentr\u00e9es dans la cat\u00e9gorie \u00e9conomique.<\/p>\n<h3>R\u00e9fugi\u00e9s et personnes prot\u00e9g\u00e9es<\/h3>\n<p>Des augmentations progressives se produiront \u00e9galement dans la cat\u00e9gorie des <a href=\"https:\/\/immigration.ca\/fr\/protection-des-refugies\/\">r\u00e9fugi\u00e9s<\/a> et des personnes prot\u00e9g\u00e9es, passant de 46 450 en 2019 \u00e0 51 700 en 2021.<\/p>\n<p>Gr\u00e2ce \u00e0 l&rsquo;accueil des r\u00e9fugi\u00e9s syriens en 2015 et 2016, le gouvernement f\u00e9d\u00e9ral s&rsquo;est montr\u00e9 ouvert aux vrais demandeurs d&rsquo;asile.<\/p>\n<p>Il a \u00e9galement d\u00fb faire face \u00e0 une recrudescence de passages frontaliers irr\u00e9guliers en provenance des \u00c9tats-Unis.<\/p>\n<p>Cependant, le gouvernement f\u00e9d\u00e9ral a toujours choisi d\u2019augmenter le budget allou\u00e9 aux r\u00e9fugi\u00e9s afin de pr\u00e9server la r\u00e9putation du Canada comme l\u2019un des pays les plus accueillants au monde.<\/p>\n<p><b>Employeurs int\u00e9ress\u00e9s<\/b> : <a href=\"https:\/\/immigration.ca\/fr\/canada-employers\/\">veuillez nous contacter<\/a> pour recevoir de plus amples informations.<\/p>\n<p><b>Candidats int\u00e9ress\u00e9s<\/b> : d\u00e9couvrez si vous \u00eates admissible au Canada en <a href=\"https:\/\/immigration.ca\/fr\/free-immigration-evaluation-forms\/\">remplissant notre \u00e9valuation gratuite en ligne<\/a>. Nous vous fournirons notre \u00e9valuation dans les 1 \u00e0 2 jours ouvrables.<\/p>\n<p>Lisez plus de nouvelles sur l&rsquo;immigration au Canada en <a href=\"https:\/\/immigration.ca\/fr\/articles-de-presse-sur-limmigration-au-canada-2018\/\">cliquant ici<\/a>.<\/p>\n","protected":false},"excerpt":{"rendered":"<p>Le 5 d\u00e9cembre 2018 &#8211; Le gouvernement f\u00e9d\u00e9ral du Canada s\u2019est lanc\u00e9 dans une nouvelle campagne pour promouvoir les effets positifs de l\u2019immigration. Le projet #Immigration\u00c7aCompte demande aux membres du public de partager des histoires communautaires de r\u00e9ussite sur un th\u00e8me li\u00e9 \u00e0 l&rsquo;immigration. C\u2019est une tentative des lib\u00e9raux de Justin Trudeau de lutter contre&hellip;<\/p>\n","protected":false},"author":16,"featured_media":57786,"comment_status":"closed","ping_status":"closed","sticky":false,"template":"","format":"standard","meta":{"_acf_changed":false,"footnotes":""},"categories":[3415,4859],"tags":[5292,58741,58742,58743],"class_list":["post-59585","post","type-post","status-publish","format-standard","has-post-thumbnail","hentry","category-immigration-au-canada","category-lactualite-canadienne","tag-canada-immigration-fr","tag-canadian-federal-election-fr","tag-federal-government-fr","tag-immigration-matters-fr","category-3415","category-4859","description-off"],"acf":[],"_links":{"self":[{"href":"https:\/\/immigration.ca\/fr\/wp-json\/wp\/v2\/posts\/59585","targetHints":{"allow":["GET"]}}],"collection":[{"href":"https:\/\/immigration.ca\/fr\/wp-json\/wp\/v2\/posts"}],"about":[{"href":"https:\/\/immigration.ca\/fr\/wp-json\/wp\/v2\/types\/post"}],"author":[{"embeddable":true,"href":"https:\/\/immigration.ca\/fr\/wp-json\/wp\/v2\/users\/16"}],"replies":[{"embeddable":true,"href":"https:\/\/immigration.ca\/fr\/wp-json\/wp\/v2\/comments?post=59585"}],"version-history":[{"count":0,"href":"https:\/\/immigration.ca\/fr\/wp-json\/wp\/v2\/posts\/59585\/revisions"}],"wp:featuredmedia":[{"embeddable":true,"href":"https:\/\/immigration.ca\/fr\/wp-json\/wp\/v2\/media\/57786"}],"wp:attachment":[{"href":"https:\/\/immigration.ca\/fr\/wp-json\/wp\/v2\/media?parent=59585"}],"wp:term":[{"taxonomy":"category","embeddable":true,"href":"https:\/\/immigration.ca\/fr\/wp-json\/wp\/v2\/categories?post=59585"},{"taxonomy":"post_tag","embeddable":true,"href":"https:\/\/immigration.ca\/fr\/wp-json\/wp\/v2\/tags?post=59585"}],"curies":[{"name":"wp","href":"https:\/\/api.w.org\/{rel}","templated":true}]}}