{"id":5921,"date":"2016-06-28T12:32:50","date_gmt":"2016-06-28T12:32:50","guid":{"rendered":"https:\/\/immigrationca.staging.wpengine.com\/fr\/?p=5921"},"modified":"2016-09-24T17:37:08","modified_gmt":"2016-09-24T17:37:08","slug":"les-politiques-dimmigration-du-canada-ont-un-besoin-urgent-de-revision","status":"publish","type":"post","link":"https:\/\/immigration.ca\/fr\/les-politiques-dimmigration-du-canada-ont-un-besoin-urgent-de-revision\/","title":{"rendered":"Les politiques d&rsquo;immigration du Canada ont un besoin urgent de r\u00e9vision"},"content":{"rendered":"<p>La politique des r\u00e9fugi\u00e9s est devenue une question cl\u00e9 dans la campagne \u00e9lectorale g\u00e9n\u00e9rale du Canada, soulignant la n\u00e9cessit\u00e9 de repenser les politiques d&rsquo;immigration \u00e0 long terme du pays. Avec la r\u00e9putation internationale du Canada maintenant ternie en raison de sa r\u00e9ponse inad\u00e9quate \u00e0 la crise des r\u00e9fugi\u00e9s au Moyen-Orient, le prochain gouvernement devra prendre des mesures importantes pour d\u00e9barrasser le pays de l&rsquo;accusation d&rsquo;\u00eatre mesquin et sectaire.<\/p>\n<p>Les politiques d&rsquo;immigration du Canada ont un besoin urgent de r\u00e9vision, alors que tous les pr\u00e9tendants de la prochaine \u00e9lection ont propos\u00e9 leurs propres politiques sur les r\u00e9fugi\u00e9s, les critiques font valoir que ces propositions sont loin d&rsquo;\u00eatre acceptables d&rsquo;un point de vue humanitaire. Plus important encore, elles ne traitent pas l\u2019imminente crise d\u00e9mographique du Canada.<\/p>\n<p>L&rsquo;utilisation de la foule des slogans politiques agr\u00e9ables masque le fait que la classe politique est apparemment d\u00e9sireuse de retarder et faire tra\u00eener le processus d&rsquo;octroi de l&rsquo;asile \u00e0 des demandeurs d&rsquo;asile, et cela aussi au moment o\u00f9 le Canada a besoin d&rsquo;une main-d&rsquo;\u0153uvre jeune pour soutenir sa population vieillissante.<\/p>\n<p>Les jeunes familles syriennes fuyant les forces de Bachar al-Assad ou l&rsquo;\u00c9tat islamique vont sans doute se r\u00e9v\u00e9ler b\u00e9n\u00e9fiques pour le Canada pour les g\u00e9n\u00e9rations \u00e0 venir, tout comme les r\u00e9fugi\u00e9s fuyant les conflits l\u2019ont \u00e9t\u00e9 dans le pass\u00e9.<\/p>\n<p>Avec les Nations Unies et les Etats-Unis \u00e9chouant lamentablement \u00e0 la fois dans la pr\u00e9vention et la r\u00e9solution de la crise des r\u00e9fugi\u00e9s, c\u2019est l&rsquo;Allemagne, qui a \u00e9merg\u00e9 de la crise actuelle avec\u00a0la meilleure r\u00e9putation. Sous la direction de la chanceli\u00e8re Angela Merkel, l&rsquo;Allemagne a accept\u00e9 de prendre plus de 800.000 r\u00e9fugi\u00e9s, beaucoup plus que les 25000 qui seraient permis pour le Canada par le Parti Lib\u00e9ral &#8211; qui est le nombre le plus \u00e9lev\u00e9 propos\u00e9 par l&rsquo;un des partis politiques du Canada. Tout cela bien s\u00fbr en d\u00e9pit de la faible densit\u00e9 de population du Canada et de la g\u00e9ographie massive qui d\u00e9passe de loin l&rsquo;Allemagne.<\/p>\n<p>Ce point de vue \u00e9troit du Canada et sa capacit\u00e9, partag\u00e9e par l&rsquo;\u00e9tablissement politique, rend un mauvais service en profondeur \u00e0 l&rsquo;id\u00e9e de qui sont les Canadiens et les principes sur lesquels le pays a \u00e9t\u00e9 construit.<\/p>\n<p>Le fait demeure que les valeurs fondamentales du Canada ne sont pas refl\u00e9t\u00e9es par l&rsquo;un des partis politiques contestant l&rsquo;\u00e9lection, surtout par le Parti conservateur. Il est temps pour une nouvelle conversation sur la politique d&rsquo;immigration du Canada, quelque chose qui va non seulement assurer sa prosp\u00e9rit\u00e9, mais fa\u00e7onner le pays dans un avenir pr\u00e9visible et au-del\u00e0.<\/p>\n","protected":false},"excerpt":{"rendered":"<p>La politique des r\u00e9fugi\u00e9s est devenue une question cl\u00e9 dans la campagne \u00e9lectorale g\u00e9n\u00e9rale du Canada, soulignant la n\u00e9cessit\u00e9 de repenser les politiques d&rsquo;immigration \u00e0 long terme du pays. Avec la r\u00e9putation internationale du Canada maintenant ternie en raison de sa r\u00e9ponse inad\u00e9quate \u00e0 la crise des r\u00e9fugi\u00e9s au Moyen-Orient, le prochain gouvernement devra prendre&hellip;<\/p>\n","protected":false},"author":16,"featured_media":0,"comment_status":"closed","ping_status":"closed","sticky":false,"template":"","format":"standard","meta":{"_acf_changed":false,"footnotes":""},"categories":[4859,4894],"tags":[4204],"class_list":["post-5921","post","type-post","status-publish","format-standard","hentry","category-lactualite-canadienne","category-septembre-2015","tag-politiques-dimmigration-du-canada","category-4859","category-4894","description-off"],"acf":[],"_links":{"self":[{"href":"https:\/\/immigration.ca\/fr\/wp-json\/wp\/v2\/posts\/5921","targetHints":{"allow":["GET"]}}],"collection":[{"href":"https:\/\/immigration.ca\/fr\/wp-json\/wp\/v2\/posts"}],"about":[{"href":"https:\/\/immigration.ca\/fr\/wp-json\/wp\/v2\/types\/post"}],"author":[{"embeddable":true,"href":"https:\/\/immigration.ca\/fr\/wp-json\/wp\/v2\/users\/16"}],"replies":[{"embeddable":true,"href":"https:\/\/immigration.ca\/fr\/wp-json\/wp\/v2\/comments?post=5921"}],"version-history":[{"count":0,"href":"https:\/\/immigration.ca\/fr\/wp-json\/wp\/v2\/posts\/5921\/revisions"}],"wp:attachment":[{"href":"https:\/\/immigration.ca\/fr\/wp-json\/wp\/v2\/media?parent=5921"}],"wp:term":[{"taxonomy":"category","embeddable":true,"href":"https:\/\/immigration.ca\/fr\/wp-json\/wp\/v2\/categories?post=5921"},{"taxonomy":"post_tag","embeddable":true,"href":"https:\/\/immigration.ca\/fr\/wp-json\/wp\/v2\/tags?post=5921"}],"curies":[{"name":"wp","href":"https:\/\/api.w.org\/{rel}","templated":true}]}}