{"id":5808,"date":"2016-06-27T16:14:13","date_gmt":"2016-06-27T16:14:13","guid":{"rendered":"https:\/\/immigrationca.staging.wpengine.com\/fr\/?p=5808"},"modified":"2016-09-25T20:49:26","modified_gmt":"2016-09-25T20:49:26","slug":"un-sondage-demontre-un-regain-doptimisme-dans-leconomie-canadienne","status":"publish","type":"post","link":"https:\/\/immigration.ca\/fr\/un-sondage-demontre-un-regain-doptimisme-dans-leconomie-canadienne\/","title":{"rendered":"Un sondage d\u00e9montre un regain d&rsquo;optimisme dans l&rsquo;\u00e9conomie canadienne"},"content":{"rendered":"<p>Une enqu\u00eate aupr\u00e8s des comptables professionnels cadres, effectu\u00e9 par les comptables professionnels agr\u00e9\u00e9s (CPA) du Canada r\u00e9v\u00e8le que l&rsquo;optimisme de la performance \u00e9conomique du Canada est progressivement \u00e0 la hausse.<\/p>\n<p>Selon l&rsquo;enqu\u00eate, qui est men\u00e9e sur une base trimestrielle, 29% des r\u00e9pondants \u00e9taient optimistes quant \u00e0 l&rsquo;\u00e9conomie canadienne dans l&rsquo;ann\u00e9e \u00e0 venir, contre 23% au trimestre pr\u00e9c\u00e9dent. Les r\u00e9pondants avec une perspective n\u00e9gative \u00e9taient \u00e0 20%, une r\u00e9duction significative de 30% qui ont exprim\u00e9 une vision pessimiste plus t\u00f4t cette ann\u00e9e. Environ 50% avaient une attitude neutre sur l&rsquo;\u00e9conomie canadienne.<\/p>\n<p>Alors que la plupart des r\u00e9pondants ont cit\u00e9 la chute du prix du p\u00e9trole comme posant le principal d\u00e9fi pour la croissance \u00e9conomique du Canada, plus de 20% des r\u00e9pondants croient que les prix du p\u00e9trole ont b\u00e9n\u00e9fici\u00e9 \u00e0 l&rsquo;\u00e9conomie.<\/p>\n<p>Selon l&rsquo;enqu\u00eate, plus de la moiti\u00e9 des professionnels comptables \u00e9taient optimistes quant aux perspectives de leurs entreprises, avec 60 %\u00a0 pr\u00e9disant croissance des revenus au cours des 12 prochains mois, et 56% anticipant une augmentation des profits. Environ 38% des personnes interrog\u00e9es pr\u00e9voient une augmentation du nombre d&#8217;employ\u00e9s dans leur entreprise, tandis que 35% n\u2019anticipent aucun changement et 25% pr\u00e9voient une baisse.<\/p>\n","protected":false},"excerpt":{"rendered":"<p>Une enqu\u00eate aupr\u00e8s des comptables professionnels cadres, effectu\u00e9 par les comptables professionnels agr\u00e9\u00e9s (CPA) du Canada r\u00e9v\u00e8le que l&rsquo;optimisme de la performance \u00e9conomique du Canada est progressivement \u00e0 la hausse. Selon l&rsquo;enqu\u00eate, qui est men\u00e9e sur une base trimestrielle, 29% des r\u00e9pondants \u00e9taient optimistes quant \u00e0 l&rsquo;\u00e9conomie canadienne dans l&rsquo;ann\u00e9e \u00e0 venir, contre 23% au&hellip;<\/p>\n","protected":false},"author":16,"featured_media":0,"comment_status":"open","ping_status":"open","sticky":false,"template":"","format":"standard","meta":{"_acf_changed":false,"footnotes":""},"categories":[4859],"tags":[70321,4153,4154],"class_list":["post-5808","post","type-post","status-publish","format-standard","hentry","category-lactualite-canadienne","tag-canadian-economy-fr","tag-doptimisme-dans-leconomie-canadienne","tag-economique-du-canada","category-4859","description-off"],"acf":[],"_links":{"self":[{"href":"https:\/\/immigration.ca\/fr\/wp-json\/wp\/v2\/posts\/5808","targetHints":{"allow":["GET"]}}],"collection":[{"href":"https:\/\/immigration.ca\/fr\/wp-json\/wp\/v2\/posts"}],"about":[{"href":"https:\/\/immigration.ca\/fr\/wp-json\/wp\/v2\/types\/post"}],"author":[{"embeddable":true,"href":"https:\/\/immigration.ca\/fr\/wp-json\/wp\/v2\/users\/16"}],"replies":[{"embeddable":true,"href":"https:\/\/immigration.ca\/fr\/wp-json\/wp\/v2\/comments?post=5808"}],"version-history":[{"count":0,"href":"https:\/\/immigration.ca\/fr\/wp-json\/wp\/v2\/posts\/5808\/revisions"}],"wp:attachment":[{"href":"https:\/\/immigration.ca\/fr\/wp-json\/wp\/v2\/media?parent=5808"}],"wp:term":[{"taxonomy":"category","embeddable":true,"href":"https:\/\/immigration.ca\/fr\/wp-json\/wp\/v2\/categories?post=5808"},{"taxonomy":"post_tag","embeddable":true,"href":"https:\/\/immigration.ca\/fr\/wp-json\/wp\/v2\/tags?post=5808"}],"curies":[{"name":"wp","href":"https:\/\/api.w.org\/{rel}","templated":true}]}}