{"id":5633,"date":"2016-06-24T16:31:03","date_gmt":"2016-06-24T16:31:03","guid":{"rendered":"https:\/\/immigrationca.staging.wpengine.com\/fr\/?p=5633"},"modified":"2016-09-26T20:06:06","modified_gmt":"2016-09-26T20:06:06","slug":"les-immigrants-investisseurs-iraniens-condamnent-les-restrictions-canadiennes","status":"publish","type":"post","link":"https:\/\/immigration.ca\/fr\/les-immigrants-investisseurs-iraniens-condamnent-les-restrictions-canadiennes\/","title":{"rendered":"Les immigrants investisseurs iraniens condamnent les restrictions canadiennes"},"content":{"rendered":"<p style=\"text-align: justify;\">Une centaine d&rsquo;immigrants investisseurs iraniens ont demand\u00e9 au ministre canadien des Affaires \u00e9trang\u00e8res d&rsquo;approuver leurs applications qui ont \u00e9t\u00e9 d\u00e9tenues en attente jusqu&rsquo;\u00e0 deux ans en raison des sanctions \u00e9conomiques impos\u00e9es contre l&rsquo;Iran.<\/p>\n<p style=\"text-align: justify;\">Les requ\u00e9rants iraniens ont \u00e9t\u00e9 d\u00e9sign\u00e9s par les programmes d&rsquo;immigrants investisseurs provinciaux g\u00e9r\u00e9s par la Colombie-Britannique, le Manitoba et le Qu\u00e9bec, et sont tenus d&rsquo;investir des centaines de milliers de dollars dans ces provinces. En raison des sanctions \u00e9conomiques contre l&rsquo;Iran impos\u00e9es en vertu de la\u00a0<em>Loi sur les mesures \u00e9conomiques sp\u00e9ciales<\/em>, les requ\u00e9rants ne peuvent pas transf\u00e9rer de l&rsquo;argent de l&rsquo;Iran sans autorisation sp\u00e9ciale du minist\u00e8re des Affaires \u00e9trang\u00e8res.<\/p>\n<p>Le Canada interrompu toutes les transactions financi\u00e8res avec l&rsquo;Iran depuis 2011 et a suspendu les relations diplomatiques entre les pays en 2012.<\/p>\n<p>Les requ\u00e9rants disent maintenant qu&rsquo;ils vont prendre des mesures juridiques si leurs demandes ne sont pas trait\u00e9es dans les 30 jours.<\/p>\n<p>\u00ab\u00a0Certaines de ces applications remontent \u00e0 plus de 24 mois, sans un mot ou sans qu\u2019une d\u00e9cision n\u2019ait \u00e9t\u00e9 prise par le minist\u00e8re.\u00bb Les candidats ont \u00e9crit dans des lettres envoy\u00e9es au minist\u00e8re\u00a0: \u00ab\u00a0Il est difficile de comprendre pourquoi aucune d\u00e9cision n&rsquo;a \u00e9t\u00e9 prise concernant ces demandes &#8230; qui repr\u00e9sentent un investissement important dans l&rsquo;\u00e9conomie canadienne.\u00a0\u00bb<\/p>\n<p>Selon les exigences du programme dans les diff\u00e9rentes provinces, les candidats sont tenus d&rsquo;investir des montants entre 200,000$ et 800,000$ canadiens.<\/p>\n<p>Le dernier appel fait suite \u00e0 une situation semblable en janvier, lorsque 41 des 54 candidats au Qu\u00e9bec ont obtenu avec succ\u00e8s leur permis, apr\u00e8s des menaces d&rsquo;action juridique. Les avocats repr\u00e9sentant les ressortissants iraniens qui veulent immigrer disent les sanctions ont \u00e9t\u00e9 appliqu\u00e9es d&rsquo;une mani\u00e8re qui blesse les ressortissants iraniens respectueux de la loi plut\u00f4t que le gouvernement de l&rsquo;Iran.<\/p>\n<p>Le porte-parole des Affaires \u00e9trang\u00e8res et du Commerce international du Canada, Fran\u00e7ois Lasalle, a d\u00e9fendu le minist\u00e8re en disant: \u00abLa d\u00e9livrance d&rsquo;un tel permis n\u2019est pas automatique, c\u2019est une action exceptionnelle \u00e0 la discr\u00e9tion du ministre des Affaires \u00e9trang\u00e8res du Canada. Le pays a une position claire sur le soutien de l&rsquo;Iran au terrorisme, ses ambitions nucl\u00e9aires, et son bilan catastrophique sur les droits de l&rsquo;homme.\u00a0\u00bb<\/p>\n<p>S\u2019exprimant r\u00e9cemment \u00e0 l&rsquo;occasion de la nouvelle ann\u00e9e iranienne, le Premier ministre Stephen Harper a d\u00e9clar\u00e9 que le Canada est ouvert \u00e0 \u00ab\u00a0ceux qui cherchent refuge contre le r\u00e9gime iranien.\u00a0\u00bb<\/p>\n","protected":false},"excerpt":{"rendered":"<p>Une centaine d&rsquo;immigrants investisseurs iraniens ont demand\u00e9 au ministre canadien des Affaires \u00e9trang\u00e8res d&rsquo;approuver leurs applications qui ont \u00e9t\u00e9 d\u00e9tenues en attente jusqu&rsquo;\u00e0 deux ans en raison des sanctions \u00e9conomiques impos\u00e9es contre l&rsquo;Iran. Les requ\u00e9rants iraniens ont \u00e9t\u00e9 d\u00e9sign\u00e9s par les programmes d&rsquo;immigrants investisseurs provinciaux g\u00e9r\u00e9s par la Colombie-Britannique, le Manitoba et le Qu\u00e9bec, et&hellip;<\/p>\n","protected":false},"author":16,"featured_media":0,"comment_status":"closed","ping_status":"closed","sticky":false,"template":"","format":"standard","meta":{"_acf_changed":false,"footnotes":""},"categories":[4859,4895],"tags":[3354,226,4019,4020,3356,70150,4021],"class_list":["post-5633","post","type-post","status-publish","format-standard","hentry","category-lactualite-canadienne","category-mars-2015","tag-canada-fr","tag-canada-immigration","tag-immigrants-investisseurs-iraniens-applications","tag-immigrants-investisseurs-provinciaux-colombie-britannique","tag-immigration-fr","tag-manitoba-fr","tag-requerants-iraniens-pnp","category-4859","category-4895","description-off"],"acf":[],"_links":{"self":[{"href":"https:\/\/immigration.ca\/fr\/wp-json\/wp\/v2\/posts\/5633","targetHints":{"allow":["GET"]}}],"collection":[{"href":"https:\/\/immigration.ca\/fr\/wp-json\/wp\/v2\/posts"}],"about":[{"href":"https:\/\/immigration.ca\/fr\/wp-json\/wp\/v2\/types\/post"}],"author":[{"embeddable":true,"href":"https:\/\/immigration.ca\/fr\/wp-json\/wp\/v2\/users\/16"}],"replies":[{"embeddable":true,"href":"https:\/\/immigration.ca\/fr\/wp-json\/wp\/v2\/comments?post=5633"}],"version-history":[{"count":0,"href":"https:\/\/immigration.ca\/fr\/wp-json\/wp\/v2\/posts\/5633\/revisions"}],"wp:attachment":[{"href":"https:\/\/immigration.ca\/fr\/wp-json\/wp\/v2\/media?parent=5633"}],"wp:term":[{"taxonomy":"category","embeddable":true,"href":"https:\/\/immigration.ca\/fr\/wp-json\/wp\/v2\/categories?post=5633"},{"taxonomy":"post_tag","embeddable":true,"href":"https:\/\/immigration.ca\/fr\/wp-json\/wp\/v2\/tags?post=5633"}],"curies":[{"name":"wp","href":"https:\/\/api.w.org\/{rel}","templated":true}]}}