{"id":55760,"date":"2018-10-02T21:06:21","date_gmt":"2018-10-02T21:06:21","guid":{"rendered":"https:\/\/immigrationca.staging.wpengine.com\/how-the-new-u-s-mexico-canada-agreement-affects-labour-mobility\/"},"modified":"2018-10-11T20:51:53","modified_gmt":"2018-10-11T20:51:53","slug":"how-the-new-u-s-mexico-canada-agreement-affects-labour-mobility","status":"publish","type":"post","link":"https:\/\/immigration.ca\/fr\/how-the-new-u-s-mexico-canada-agreement-affects-labour-mobility\/","title":{"rendered":"Comment le nouvel accord E.U. &#8211; Mexique &#8211; Canada affecte la mobilit\u00e9 de la main-d&rsquo;\u0153uvre ?"},"content":{"rendered":"<p>Le 2 octobre 2018 &#8211; Le Canada et les \u00c9tats-Unis ont sign\u00e9 un nouvel accord commercial, ouvrant la voie \u00e0 un accord global avec le Mexique, tout en permettant une mobilit\u00e9 continue de la main-d&rsquo;\u0153uvre entre les pays. En vertu du nouvel accord entre les \u00c9tats-Unis, le Mexique et le Canada (NAEMC), sign\u00e9 le 30 septembre 2018, les r\u00e8gles en mati\u00e8re de mobilit\u00e9 de la main-d&rsquo;\u0153uvre resteront identiques \u00e0 celles de l&rsquo;Accord de libre-\u00e9change nord-am\u00e9ricain (ALENA).<\/p>\n<p>Les dispositions du NAEMC A relatives \u00e0 la mobilit\u00e9 de la main-d&rsquo;\u0153uvre continueront d&rsquo;exempter les employeurs canadiens des formalit\u00e9s d&rsquo;immigration par ailleurs contraignantes pour les professionnels qualifi\u00e9s entrant au Canada qui auraient normalement besoin d&rsquo;une <a href=\"https:\/\/immigration.ca\/fr\/labour-market-impact-assessments-lmias\/\">\u00c9tude d&rsquo;impact sur le march\u00e9 du travail<\/a> (EIMT) positive. Ce processus confirme qu&rsquo;aucun Canadien n&rsquo;est disponible pour occuper un poste sur le march\u00e9 du travail.<\/p>\n<p>Le NAEMC s\u2019adresse aux citoyens des \u00c9tats-Unis et du Mexique qui souhaitent entrer au Canada dans les cat\u00e9gories suivantes : visiteurs d\u2019affaires, professionnels, personnes transf\u00e9r\u00e9es au sein d\u2019une entreprise, n\u00e9gociants et investisseurs.<\/p>\n<p>Les citoyens am\u00e9ricains et mexicains qui souhaitent entrer au Canada dans les cat\u00e9gories NAEMC peuvent pr\u00e9senter une demande d\u2019admission aux points d\u2019entr\u00e9e canadiens.<\/p>\n<p>Malgr\u00e9 les craintes que les n\u00e9gociateurs am\u00e9ricains exigeraient des restrictions sur les visas vis\u00e9s par le Trait\u00e9 de l\u2019ALENA (Visas TN), le chapitre 16 du nouvel accord laisse la section pratiquement inchang\u00e9e.<\/p>\n<p>Au cours des n\u00e9gociations, il a \u00e9t\u00e9 indiqu\u00e9 que des quotas num\u00e9riques pourraient \u00eatre calcul\u00e9s sur le nombre annuel de professionnels travaillant dans les pays membres, sur les visas TN.<\/p>\n<p>L\u2019on s\u2019attendait \u00e9galement que la liste des professions couvertes par l&rsquo;accord serait mise \u00e0 jour. La liste actuelle est en grande partie obsol\u00e8te. L&rsquo;ALENA a \u00e9t\u00e9 sign\u00e9 dans une \u00e9poque ant\u00e9rieure au boom de l&rsquo;industrie technologique et n&rsquo;inclut donc pas certains postes technologiques importants tels que les ing\u00e9nieurs en logiciel et les d\u00e9veloppeurs Web.<\/p>\n<p>Le nouvel accord conserve la m\u00eame liste, qui comprend environ 60 professions g\u00e9n\u00e9rales, m\u00e9dicales, scientifiques et enseignantes.<\/p>\n<p><b>En savoir plus<\/b><\/p>\n<p><a href=\"https:\/\/immigration.ca\/fr\/naftas-fate-impacts-canadian-professionals-u-s\/\">Comment le destin de l\u2019ALENA affecte les professionnels canadiens aux \u00c9tats-Unis<\/a><br \/>\n<a href=\"https:\/\/immigration.ca\/fr\/nafta-free-movement-talks-threaten-status-tens-thousands-professionals\/\">Les discussions sur la libre circulation au sein de l&rsquo;ALENA menacent le statut de dizaines de milliers de professionnels<\/a><br \/>\n<a href=\"https:\/\/immigration.ca\/fr\/trumps-nafta-threat-canadians-u-s-worried\/\">Comment la menace de l\u2019ALENA de Trump rend les Canadiens aux \u00c9tats-Unis inquiets<\/a><\/p>\n<p>Cependant, un paragraphe important a \u00e9t\u00e9 ajout\u00e9 au chapitre 16 du NAEMC qui ne figure pas dans le chapitre 16 de l&rsquo;ALENA.<\/p>\n<h3>Il semble laisser la possibilit\u00e9 de restrictions \u00e0 l&rsquo;avenir:<\/h3>\n<p>Le paragraphe 3 de l&rsquo;article 1602 est libell\u00e9 comme suit: \u00ab\u00a0Aucune disposition du pr\u00e9sent accord n&#8217;emp\u00eache une partie d&rsquo;appliquer des mesures pour r\u00e9glementer l&rsquo;entr\u00e9e sur son territoire de personnes physiques d&rsquo;une autre partie ou pour y s\u00e9journer temporairement, y compris les mesures n\u00e9cessaires pour prot\u00e9ger l&rsquo;int\u00e9grit\u00e9 des personnes et \u00e0 assurer le mouvement ordonn\u00e9 des personnes physiques \u00e0 ses fronti\u00e8res, \u00e0 condition que ces mesures ne soient pas appliqu\u00e9es de mani\u00e8re \u00e0 annuler ou compromettre les avantages r\u00e9sultant pour une Partie du pr\u00e9sent Chapitre.\u00a0\u00bb<\/p>\n<p><strong><span style=\"color: #ff0000;\">La mobilit\u00e9 de la main-d&rsquo;\u0153uvre sur l\u2019ALENA<\/span><\/strong><\/p>\n<p>L&rsquo;ALENA original, entr\u00e9 en vigueur le 1 er janvier 1994, autorisait certains travailleurs qualifi\u00e9s du Canada, des \u00c9tats-Unis et du Mexique \u00e0 acc\u00e9l\u00e9rer le traitement des demandes de visa dans l\u2019un des deux autres pays participants.<\/p>\n<p>Il couvrait quatre cat\u00e9gories principales, \u00e0 savoir les professionnels, les personnes transf\u00e9r\u00e9es au sein d&rsquo;une entreprise, les n\u00e9gociants et les investisseurs.<\/p>\n<p>Dans le contexte canadien, les permis de travail d\u00e9livr\u00e9s en vertu de l&rsquo;ALENA rel\u00e8vent du <a href=\"https:\/\/immigration.ca\/fr\/international-mobility-program\/\">Programme de mobilit\u00e9 internationale<\/a>, ce qui signifie qu&rsquo;ils sont exempt\u00e9s de l&rsquo;<a href=\"https:\/\/immigration.ca\/fr\/labour-market-impact-assessments-lmias-canada\/\">\u00c9tude de l&rsquo;impact sur le march\u00e9 du travail<\/a> (EIMT).<\/p>\n<p>L&rsquo;EIMT est l&rsquo;outil utilis\u00e9 pour s&rsquo;assurer que les travailleurs \u00e9trangers ne viennent pas au Canada afin de pourvoir aux emplois pour lesquels des Canadiens sont disponibles.<\/p>\n<p><strong>Combien de visas TN ont \u00e9t\u00e9 d\u00e9livr\u00e9s ?<\/strong><\/p>\n<p>Le Canada a d\u00e9livr\u00e9 17 602 visas aux Am\u00e9ricains et 691 aux Mexicains en vertu de l&rsquo;AL\u00c9NA en 2016, tandis que les \u00c9tats-Unis ont accord\u00e9 14 768 visas TN aux Canadiens et aux Mexicains ensemble.<\/p>\n<p>Cela sugg\u00e8re que des dizaines de milliers de travailleurs des trois pays auraient suivi les n\u00e9gociations avec la crainte que leur statut soit menac\u00e9.<\/p>\n<p>Le nouveau NAEMC apaise ces craintes pour le moment. Plus des d\u00e9tails du nouvel accord clarifieront le contexte dans les prochaines semaines.<\/p>\n<p><b>Employeurs int\u00e9ress\u00e9s<\/b> : <a href=\"https:\/\/immigration.ca\/fr\/canada-employers\/\">veuillez nous contacter<\/a> pour recevoir de plus amples informations.<\/p>\n<p><b>Candidats int\u00e9ress\u00e9s<\/b> : d\u00e9couvrez si vous \u00eates admissible au Canada en <a href=\"https:\/\/immigration.ca\/fr\/free-immigration-evaluation-forms\/\">remplissant notre \u00e9valuation gratuite en ligne<\/a>. Nous vous fournirons notre \u00e9valuation dans les 1 \u00e0 2 jours ouvrables.<\/p>\n<p>Lisez plus de nouvelles sur l&rsquo;immigration au Canada en <a href=\"https:\/\/immigration.ca\/fr\/articles-de-presse-sur-limmigration-au-canada-2018\/\">cliquant ici<\/a>.<\/p>\n","protected":false},"excerpt":{"rendered":"<p>Le 2 octobre 2018 &#8211; Le Canada et les \u00c9tats-Unis ont sign\u00e9 un nouvel accord commercial, ouvrant la voie \u00e0 un accord global avec le Mexique, tout en permettant une mobilit\u00e9 continue de la main-d&rsquo;\u0153uvre entre les pays. En vertu du nouvel accord entre les \u00c9tats-Unis, le Mexique et le Canada (NAEMC), sign\u00e9 le 30&hellip;<\/p>\n","protected":false},"author":16,"featured_media":55754,"comment_status":"closed","ping_status":"closed","sticky":false,"template":"","format":"standard","meta":{"_acf_changed":false,"footnotes":""},"categories":[4859],"tags":[],"class_list":["post-55760","post","type-post","status-publish","format-standard","has-post-thumbnail","hentry","category-lactualite-canadienne","category-4859","description-off"],"acf":[],"_links":{"self":[{"href":"https:\/\/immigration.ca\/fr\/wp-json\/wp\/v2\/posts\/55760","targetHints":{"allow":["GET"]}}],"collection":[{"href":"https:\/\/immigration.ca\/fr\/wp-json\/wp\/v2\/posts"}],"about":[{"href":"https:\/\/immigration.ca\/fr\/wp-json\/wp\/v2\/types\/post"}],"author":[{"embeddable":true,"href":"https:\/\/immigration.ca\/fr\/wp-json\/wp\/v2\/users\/16"}],"replies":[{"embeddable":true,"href":"https:\/\/immigration.ca\/fr\/wp-json\/wp\/v2\/comments?post=55760"}],"version-history":[{"count":0,"href":"https:\/\/immigration.ca\/fr\/wp-json\/wp\/v2\/posts\/55760\/revisions"}],"wp:featuredmedia":[{"embeddable":true,"href":"https:\/\/immigration.ca\/fr\/wp-json\/wp\/v2\/media\/55754"}],"wp:attachment":[{"href":"https:\/\/immigration.ca\/fr\/wp-json\/wp\/v2\/media?parent=55760"}],"wp:term":[{"taxonomy":"category","embeddable":true,"href":"https:\/\/immigration.ca\/fr\/wp-json\/wp\/v2\/categories?post=55760"},{"taxonomy":"post_tag","embeddable":true,"href":"https:\/\/immigration.ca\/fr\/wp-json\/wp\/v2\/tags?post=55760"}],"curies":[{"name":"wp","href":"https:\/\/api.w.org\/{rel}","templated":true}]}}