{"id":53503,"date":"2018-09-04T16:30:00","date_gmt":"2018-09-04T16:30:00","guid":{"rendered":"https:\/\/immigrationca.staging.wpengine.com\/the-quebec-self-employed-program\/"},"modified":"2022-10-03T16:09:14","modified_gmt":"2022-10-03T20:09:14","slug":"the-quebec-self-employed-program","status":"publish","type":"post","link":"https:\/\/immigration.ca\/fr\/the-quebec-self-employed-program\/","title":{"rendered":"Programme des travailleurs autonomes du Qu\u00e9bec"},"content":{"rendered":"<p>Les candidats travailleurs autonomes se diff\u00e9rencient principalement des <a href=\"https:\/\/immigration.ca\/fr\/immigration-des-travailleurs-qualifies-au-quebec\/\">travailleurs qualifi\u00e9s<\/a> par leur intention de venir au Quebec pour cr\u00e9er leur propre emploi en exer\u00e7ant une profession ou des activit\u00e9s commerciales.<\/p>\n<p><strong>Pour se qualifier en vertu du Programme des travailleurs autonomes du Qu\u00e9bec, les candidats doivent remplir les conditions suivantes:<\/strong><\/p>\n<ol>\n<li>Avoir deux ans d\u2019exp\u00e9rience pertinente dans la profession ou m\u00e9tier qu\u2019ils veulent exercer au Qu\u00e9bec;<\/li>\n<li>Poss\u00e9der un avoir net personnel de 100 000 $ CAD, acquis l\u00e9galement, seul ou avec un (e) \u00e9poux (se) ou conjoint (e) de fait qui l&rsquo;accompagne;<\/li>\n<li>Effectuer un d\u00e9p\u00f4t de d\u00e9marrage d&rsquo;au moins 50 000 $ si le candidat est bas\u00e9 dans la r\u00e9gion m\u00e9tropolitaine de Montr\u00e9al et de 25 000 $ si le candidat est situ\u00e9 \u00e0 l&rsquo;ext\u00e9rieur de Montr\u00e9al.<\/li>\n<\/ol>\n<p>Les candidats doivent \u00e9galement r\u00e9pondre \u00e0 des exigences professionnelles applicables \u00e0 l\u2019entr\u00e9e en profession ou de licence.<\/p>\n<p>Comme les travailleurs qualifi\u00e9s, le candidat autonome est \u00e9valu\u00e9 selon une grille de s\u00e9lection compos\u00e9e de plusieurs facteurs et doivent obtenir un pointage minimum bas\u00e9 sur leur \u00e9ducation, exp\u00e9rience de travail, \u00e2ge, comp\u00e9tences linguistiques, s\u00e9jours et famille au Qu\u00e9bec, autonomie financi\u00e8re et, le cas \u00e9ch\u00e9ant, \u00e2ge, \u00e9ducation et comp\u00e9tences linguistiques du conjoint (e).<\/p>\n<p>Tous les candidats doivent d\u00e9montrer leur intention de vivre et de travailler au Qu\u00e9bec.<\/p>\n<p>Une fois approuv\u00e9e, la demande est soumise \u00e0 des v\u00e9rifications m\u00e9dicales et de s\u00e9curit\u00e9, suivies d\u2019une d\u00e9livrance de visa avec des conditions obligatoires, dans un <a href=\"https:\/\/immigration.ca\/fr\/quebec-self-employed-class-applications-processing-times\/\">d\u00e9lai de traitement global<\/a> pouvant varier entre 12 et 44 mois.<\/p>\n<p>Des quotas sont \u00e9galement impos\u00e9s chaque ann\u00e9e par les autorit\u00e9s d&rsquo;immigration. Cinquante demandes ont \u00e9t\u00e9 accept\u00e9es pendant la p\u00e9riode de r\u00e9ception du 1er november 2020 au 30 september 2021. Le quota a \u00e9t\u00e9 atteint pou rles non-francophones.<\/p>\n<p>Les candidats qui d\u00e9montrent qu&rsquo;ils ont une <b>connaissance interm\u00e9diaire-avanc\u00e9e de la langue fran\u00e7aise<\/b> (en pr\u00e9sentant les r\u00e9sultats des tests de fran\u00e7ais de niveau B2 en parlant et en \u00e9coutant) <b>peuvent postuler \u00e0 tout moment et ne sont soumis \u00e0 aucun plafond.<\/b><\/p>\n","protected":false},"excerpt":{"rendered":"<p>Les candidats travailleurs autonomes se diff\u00e9rencient principalement des travailleurs qualifi\u00e9s par leur intention de venir au Quebec pour cr\u00e9er leur propre emploi en exer\u00e7ant une profession ou des activit\u00e9s commerciales. Pour se qualifier en vertu du Programme des travailleurs autonomes du Qu\u00e9bec, les candidats doivent remplir les conditions suivantes: Avoir deux ans d\u2019exp\u00e9rience pertinente dans&hellip;<\/p>\n","protected":false},"author":16,"featured_media":139808,"comment_status":"closed","ping_status":"closed","sticky":false,"template":"","format":"standard","meta":{"_acf_changed":false,"footnotes":""},"categories":[10558,11834,8121,5177,53259,20659],"tags":[57411],"class_list":["post-53503","post","type-post","status-publish","format-standard","has-post-thumbnail","hentry","category-provincial-news-fr","category-c113-quebec-business-immigration-fr","category-c77-quebec-skilled-worker-immigration-fr","category-quebec-skilled-worker","category-c112-quebec-skilled-worker-fr","category-quebec-news-fr","tag-quebec-immigration-fr","category-10558","category-11834","category-8121","category-5177","category-53259","category-20659","description-off"],"acf":[],"_links":{"self":[{"href":"https:\/\/immigration.ca\/fr\/wp-json\/wp\/v2\/posts\/53503","targetHints":{"allow":["GET"]}}],"collection":[{"href":"https:\/\/immigration.ca\/fr\/wp-json\/wp\/v2\/posts"}],"about":[{"href":"https:\/\/immigration.ca\/fr\/wp-json\/wp\/v2\/types\/post"}],"author":[{"embeddable":true,"href":"https:\/\/immigration.ca\/fr\/wp-json\/wp\/v2\/users\/16"}],"replies":[{"embeddable":true,"href":"https:\/\/immigration.ca\/fr\/wp-json\/wp\/v2\/comments?post=53503"}],"version-history":[{"count":0,"href":"https:\/\/immigration.ca\/fr\/wp-json\/wp\/v2\/posts\/53503\/revisions"}],"wp:featuredmedia":[{"embeddable":true,"href":"https:\/\/immigration.ca\/fr\/wp-json\/wp\/v2\/media\/139808"}],"wp:attachment":[{"href":"https:\/\/immigration.ca\/fr\/wp-json\/wp\/v2\/media?parent=53503"}],"wp:term":[{"taxonomy":"category","embeddable":true,"href":"https:\/\/immigration.ca\/fr\/wp-json\/wp\/v2\/categories?post=53503"},{"taxonomy":"post_tag","embeddable":true,"href":"https:\/\/immigration.ca\/fr\/wp-json\/wp\/v2\/tags?post=53503"}],"curies":[{"name":"wp","href":"https:\/\/api.w.org\/{rel}","templated":true}]}}