{"id":5184,"date":"2016-06-21T21:16:01","date_gmt":"2016-06-21T21:16:01","guid":{"rendered":"https:\/\/immigrationca.staging.wpengine.com\/fr\/?p=5184"},"modified":"2016-06-21T21:16:01","modified_gmt":"2016-06-21T21:16:01","slug":"lembauche-devrait-se-poursuivre-un-rythme-soutenu-jusquen-2014","status":"publish","type":"post","link":"https:\/\/immigration.ca\/fr\/lembauche-devrait-se-poursuivre-un-rythme-soutenu-jusquen-2014\/","title":{"rendered":"L&#8217;embauche devrait se poursuivre \u00e0 un rythme soutenu jusqu&rsquo;en 2014"},"content":{"rendered":"<p>Alors que le Canada se d\u00e9place dans la seconde moiti\u00e9 de l&rsquo;ann\u00e9e, de nombreux employeurs cherchent \u00e0 augmenter l&rsquo;effectif. Plus de la moiti\u00e9 (56 pour cent) des gestionnaires d&#8217;embauche ont l&rsquo;intention d&#8217;embaucher \u00e0 temps plein, le personnel permanent, contre 48 pour cent cette \u00e9poque l&rsquo;an dernier, et 40 pour cent en 2012.<\/p>\n<p>En outre, 50 pour cent s&rsquo;attendent \u00e0 embaucher des travailleurs temporaires ou contractuels, ce chiffre \u00e9tait de 42 pour cent en 2013 36 pour cent des employeurs ont dit qu&rsquo;ils vont embuacher des employ\u00e9s \u00e0 temps partiel.<\/p>\n<p>\u00ab L&rsquo;\u00e9conomie canadienne demeure saine, avec les employeurs ajoutant des emplois au cours des derni\u00e8res ann\u00e9es et continuant \u00e0 augmenter les effectifs dans la seconde moiti\u00e9 de l&rsquo;ann\u00e9e 2014 \u00bb, a d\u00e9clar\u00e9 Brent Rasmussen, pr\u00e9sident de CareerBuilder en Am\u00e9rique du Nord. Il a ajout\u00e9 que les employeurs cherchent \u00e0 combler une grande vari\u00e9t\u00e9 de postes et que cette croissance se fera sentir dans tous les secteurs et tailles d&rsquo;entreprises.<\/p>\n<p>La plupart des travailleurs n&rsquo;ont pas l&rsquo;intention de quitter leur employeur actuel et 26 pour cent ont dit qu&rsquo;ils sont susceptibles de changer d&#8217;emploi au cours des 12 prochains mois, soit une baisse de quatre pour cent contre l&rsquo;an dernier, a soulev\u00e9 un sondage de 431 gestionnaires d&#8217;embauche et professionnels des RH et 422 travailleurs.<\/p>\n<p>Top des domaines d&#8217;embauche<\/p>\n<p>Les domaines fonctionnels principaux pour lesquels les entreprises pr\u00e9voient embaucher dans la seconde moiti\u00e9 de l&rsquo;ann\u00e9e 2014 sont les suivants:<\/p>\n<p>\u2022 technologies de l&rsquo;information (34 pour cent)<\/p>\n<p>\u2022 service \u00e0 la client\u00e8le (29 pour cent)<\/p>\n<p>\u2022 les ventes (22 pour cent)<\/p>\n<p>\u2022 la production (21 pour cent)<\/p>\n<p>\u2022 comptabilit\u00e9 \/ finance (17 pour cent)<\/p>\n<p>\u2022 la commercialisation (17 pour cent)<\/p>\n<p>\u2022 la recherche et le d\u00e9veloppement (15 pour cent)<\/p>\n<p><strong>Ensembles de comp\u00e9tences \u00e9mergentes<\/strong><\/p>\n<p>Lorsqu&rsquo;on leur a demand\u00e9 d&rsquo;identifier les domaines sp\u00e9cifiques o\u00f9 leurs organisations pr\u00e9voient embaucher dans la seconde moiti\u00e9 de 2014, les employeurs ont nomm\u00e9 des emplois li\u00e9s \u00e0:<\/p>\n<p>\u2022 La technologie de l\u2019information (21 pour cent)<\/p>\n<p>\u2022 la technologie mobile (16 pour cent)<\/p>\n<p>\u2022 La technologie de recherche (14 pour cent)<\/p>\n<p>\u2022 la cyber-s\u00e9curit\u00e9 (14 pour cent)<\/p>\n<p>\u2022 informatique de la sant\u00e9 (13 pour cent)<\/p>\n<p>\u2022 le bien-\u00eatre (13 pour cent)<\/p>\n<p>\u2022 les m\u00e9dias sociaux (13 pour cent)<\/p>\n<p>\u2022 la r\u00e9glementation financi\u00e8re (13 pour cent)<\/p>\n<p>\u2022 la gestion et l&rsquo;interpr\u00e9tation des Big Data (12 pour cent)<\/p>\n<p>\u2022 les relations internationales (11 pour cent)<\/p>\n<p>\u2022 la strat\u00e9gie de contenu pour le web (10 pour cent).<\/p>\n<p><strong>Source:<\/strong>\u00a0HR Reporter<\/p>\n","protected":false},"excerpt":{"rendered":"<p>Alors que le Canada se d\u00e9place dans la seconde moiti\u00e9 de l&rsquo;ann\u00e9e, de nombreux employeurs cherchent \u00e0 augmenter l&rsquo;effectif. Plus de la moiti\u00e9 (56 pour cent) des gestionnaires d&#8217;embauche ont l&rsquo;intention d&#8217;embaucher \u00e0 temps plein, le personnel permanent, contre 48 pour cent cette \u00e9poque l&rsquo;an dernier, et 40 pour cent en 2012. En outre, 50&hellip;<\/p>\n","protected":false},"author":16,"featured_media":0,"comment_status":"closed","ping_status":"closed","sticky":false,"template":"","format":"standard","meta":{"_acf_changed":false,"footnotes":""},"categories":[4859,3337],"tags":[70321,3696,3697,3699,3698],"class_list":["post-5184","post","type-post","status-publish","format-standard","hentry","category-lactualite-canadienne","category-non-classifiee","tag-canadian-economy-fr","tag-embauche-prevu","tag-embaucher-a-temps-plein","tag-leconomie-canadienne","tag-personnel-permanent","category-4859","category-3337","description-off"],"acf":[],"_links":{"self":[{"href":"https:\/\/immigration.ca\/fr\/wp-json\/wp\/v2\/posts\/5184","targetHints":{"allow":["GET"]}}],"collection":[{"href":"https:\/\/immigration.ca\/fr\/wp-json\/wp\/v2\/posts"}],"about":[{"href":"https:\/\/immigration.ca\/fr\/wp-json\/wp\/v2\/types\/post"}],"author":[{"embeddable":true,"href":"https:\/\/immigration.ca\/fr\/wp-json\/wp\/v2\/users\/16"}],"replies":[{"embeddable":true,"href":"https:\/\/immigration.ca\/fr\/wp-json\/wp\/v2\/comments?post=5184"}],"version-history":[{"count":0,"href":"https:\/\/immigration.ca\/fr\/wp-json\/wp\/v2\/posts\/5184\/revisions"}],"wp:attachment":[{"href":"https:\/\/immigration.ca\/fr\/wp-json\/wp\/v2\/media?parent=5184"}],"wp:term":[{"taxonomy":"category","embeddable":true,"href":"https:\/\/immigration.ca\/fr\/wp-json\/wp\/v2\/categories?post=5184"},{"taxonomy":"post_tag","embeddable":true,"href":"https:\/\/immigration.ca\/fr\/wp-json\/wp\/v2\/tags?post=5184"}],"curies":[{"name":"wp","href":"https:\/\/api.w.org\/{rel}","templated":true}]}}