{"id":51623,"date":"2018-08-10T20:13:20","date_gmt":"2018-08-10T20:13:20","guid":{"rendered":"https:\/\/immigrationca.staging.wpengine.com\/quebec-political-parties-promise-smoother-immigration-integration-and-more-jobs-for-immigrants\/"},"modified":"2018-08-19T18:04:12","modified_gmt":"2018-08-19T18:04:12","slug":"quebec-political-parties-promise-smoother-immigration-integration-and-more-jobs-for-immigrants","status":"publish","type":"post","link":"https:\/\/immigration.ca\/fr\/quebec-political-parties-promise-smoother-immigration-integration-and-more-jobs-for-immigrants\/","title":{"rendered":"Les partis politiques du Qu\u00e9bec promettent une int\u00e9gration plus fluide et plus d\u2019emplois pour les immigrants"},"content":{"rendered":"<p>Le 10 ao\u00fbt 2018 &#8211; \u00c0 l&rsquo;approche de la date des \u00e9lections provinciales du 1er octobre, les partis politiques du Qu\u00e9bec d\u00e9fiant les lib\u00e9raux au pouvoir ont commenc\u00e9 \u00e0 pr\u00e9senter leurs propositions sur l&rsquo;immigration. Chacune des parties offre aux employeurs l&rsquo;acc\u00e8s \u00e0 des travailleurs migrants qualifi\u00e9s dans le cadre d&rsquo;un processus r\u00e9vis\u00e9 et plus efficace.<\/p>\n<p>Qu\u00e9bec Solidaire, dans son plan d&rsquo;immigration d\u00e9voil\u00e9 dans le cadre de sa campagne pour les prochaines \u00e9lections provinciales en octobre, a propos\u00e9 de mettre en place un r\u00e9seau de centres d&rsquo;information appel\u00e9 les Carrefours d\u2019accueil en immigration.<\/p>\n<p>Un immigrant qui d\u00e9barque dans la province sans r\u00e9f\u00e9rences, emplois ou connaissances sur les services peut choisir de quitter le Qu\u00e9bec s&rsquo;il se voit offrir une voie d&rsquo;int\u00e9gration plus simple et plus facile par une autre province.<\/p>\n<p>C&rsquo;est pourquoi Qu\u00e9bec Solidaire a propos\u00e9 de cr\u00e9er ces centres dans toutes les r\u00e9gions de la province et de les faire fonctionner sous le minist\u00e8re de l&rsquo;Immigration du Qu\u00e9bec. Les immigrants recevront des informations d\u00e9taill\u00e9es sur les emplois, les cours de langue pour ceux qui souhaitent apprendre le fran\u00e7ais et d&rsquo;autres services de soutien de base dans ces centres.<\/p>\n<p>Le parti politique a \u00e9galement propos\u00e9 d&rsquo;am\u00e9liorer le financement des cours de langue fran\u00e7aise dans la province. Cette proposition devrait couvrir m\u00eame les cours offerts par les entreprises op\u00e9rant dans la province.<\/p>\n<p>Les professionnels qui immigrent au Qu\u00e9bec peuvent trouver plus facilement un emploi si Qu\u00e9bec Solidaire proposition de simplifier le processus de reconnaissance des dipl\u00f4mes \u00e9trangers d&rsquo;immigrants est adopt\u00e9e. Cela garantira que ceux qui \u00e9tudient \u00e0 l&rsquo;ext\u00e9rieur du Canada ne seront pas d\u00e9savantag\u00e9s par rapport \u00e0 un immigrant qui a termin\u00e9 ses \u00e9tudes au Canada avant de demander l&rsquo;immigration.<\/p>\n<p>La proposition finale ax\u00e9e sur l\u2019immigration comprend la cr\u00e9ation d\u2019un programme qui obligera tous les employeurs du secteur public \u00e0 embaucher au moins 25 de leurs employ\u00e9s provenant de candidats de minorit\u00e9s ethniques et de minorit\u00e9s visibles.<\/p>\n<h3>Derni\u00e8res nouvelles sur l&rsquo;immigration au Qu\u00e9bec<\/h3>\n<ul>\n<li><a href=\"https:\/\/immigration.ca\/fr\/how-to-qualify-under-quebec-immigrant-investor-program\/\">Comment se qualifier dans le cadre du programme des investisseurs du Qu\u00e9bec<\/a><\/li>\n<li><a href=\"https:\/\/immigration.ca\/fr\/quebecs-revised-areas-of-training-list-spells-good-news-for-employers-and-immigrants-to-canada\/\">Liste r\u00e9vis\u00e9e des domaines de formation pour immigrer au Qu\u00e9bec : une bonne nouvelle pour les employeurs et les immigrants au Canada<\/a><\/li>\n<li><a href=\"https:\/\/immigration.ca\/fr\/how-to-qualify-under-the-new-saskatchewan-and-quebec-expression-of-interest-immigration-systems\/\">Comment se qualifier en vertu des nouveaux syst\u00e8mes d\u2019immigration de D\u00e9claration d\u2019int\u00e9r\u00eat de la Saskatchewan et du Qu\u00e9bec<\/a><\/li>\n<li><a href=\"https:\/\/immigration.ca\/fr\/quebec-expression-of-interest-2018-details-begin-to-emerge\/\">D\u00e9claration d\u2019int\u00e9r\u00eat au Qu\u00e9bec 2018 : les d\u00e9tails commencent \u00e0 \u00e9merger<\/a><\/li>\n<\/ul>\n<p>Les deux autres partis de la province, le Parti Qu\u00e9b\u00e9cois et la Coalition Avenir Qu\u00e9bec, ont \u00e9galement pr\u00e9sent\u00e9 de nouvelles mesures et propositions qu\u2019ils entendent introduire s\u2019ils sont \u00e9lus au pouvoir lors des prochaines \u00e9lections.<\/p>\n<p>La zone d&rsquo;intervention du Parti Qu\u00e9b\u00e9cois consiste notamment \u00e0 encourager les immigrants \u00e0 s&rsquo;\u00e9tablir \u00e0 l&rsquo;ext\u00e9rieur de Montr\u00e9al afin que toutes les r\u00e9gions de la province jouissent des fruits de l&rsquo;immigration. Parmi les autres propositions, mentionnons le fait de permettre seulement \u00e0 ceux qui ma\u00eetrisent le fran\u00e7ais d\u2019immigrer dans la province et offrir un traitement acc\u00e9l\u00e9r\u00e9 aux candidats qui ont d\u00e9j\u00e0 une offre d&#8217;emploi valid\u00e9e dans la province.<\/p>\n<p>La Coalition Avenir Qu\u00e9bec a d\u00e9clar\u00e9 qu&rsquo;elle donnerait aux immigrants entrant dans la province jusqu&rsquo;\u00e0 trois ans pour ma\u00eetriser le fran\u00e7ais et prouver leur engagement envers les valeurs du Qu\u00e9bec. La Coalition a \u00e9galement indiqu\u00e9 que ceux qui ne satisferaient pas \u00e0 ces exigences dans le d\u00e9lai imparti pourraient se retrouver confront\u00e9s \u00e0 des mesures des autorit\u00e9s f\u00e9d\u00e9rales de l&rsquo;immigration.<\/p>\n<p>Bien que certaines de ces mesures ne voient pas le jour apr\u00e8s les \u00e9lections, le th\u00e8me g\u00e9n\u00e9ral semble \u00eatre une combinaison de devoirs et de privil\u00e8ges. Ma\u00eetriser le fran\u00e7ais et adopter les valeurs qu\u00e9b\u00e9coises semble \u00eatre le principal moteur de la plateforme PQ.<\/p>\n<p>De leur c\u00f4t\u00e9, les lib\u00e9raux au pouvoir ont r\u00e9cemment adopt\u00e9 un <a href=\"https:\/\/immigration.ca\/fr\/quebec-expression-of-interest-2018\/\">nouveau syst\u00e8me d&rsquo;immigration fond\u00e9 sur la d\u00e9claration d&rsquo;int\u00e9r\u00eat<\/a> en mettant l&rsquo;accent sur la r\u00e9compense des immigrants qui s&rsquo;\u00e9tablissent dans les r\u00e9gions d\u00e9limit\u00e9es du Qu\u00e9bec et sur la <a href=\"https:\/\/immigration.ca\/fr\/liste-des-professions-en-demande-au-quebec\/\">promotion de professions tr\u00e8s en demande.<\/a><\/p>\n<p><b>Employeurs int\u00e9ress\u00e9s<\/b> : <a href=\"https:\/\/immigration.ca\/fr\/canada-employers\/\">veuillez nous contacter<\/a> pour recevoir de plus amples informations.<\/p>\n<p><b>Candidats int\u00e9ress\u00e9s<\/b> : d\u00e9couvrez si vous \u00eates admissible au Canada en <a href=\"https:\/\/immigration.ca\/fr\/free-immigration-evaluation-forms\/\">remplissant notre \u00e9valuation gratuite en ligne<\/a>. Nous vous fournirons notre \u00e9valuation dans les 1 \u00e0 2 jours ouvrables.<\/p>\n<p>Lisez plus de nouvelles sur l&rsquo;immigration au Canada en <a href=\"https:\/\/immigration.ca\/fr\/articles-de-presse-sur-limmigration-au-canada-2018\/\">cliquant ici<\/a>.<\/p>\n","protected":false},"excerpt":{"rendered":"<p>Le 10 ao\u00fbt 2018 &#8211; \u00c0 l&rsquo;approche de la date des \u00e9lections provinciales du 1er octobre, les partis politiques du Qu\u00e9bec d\u00e9fiant les lib\u00e9raux au pouvoir ont commenc\u00e9 \u00e0 pr\u00e9senter leurs propositions sur l&rsquo;immigration. Chacune des parties offre aux employeurs l&rsquo;acc\u00e8s \u00e0 des travailleurs migrants qualifi\u00e9s dans le cadre d&rsquo;un processus r\u00e9vis\u00e9 et plus efficace.&hellip;<\/p>\n","protected":false},"author":16,"featured_media":51617,"comment_status":"closed","ping_status":"closed","sticky":false,"template":"","format":"standard","meta":{"_acf_changed":false,"footnotes":""},"categories":[4859,10558,20659],"tags":[],"class_list":["post-51623","post","type-post","status-publish","format-standard","has-post-thumbnail","hentry","category-lactualite-canadienne","category-provincial-news-fr","category-quebec-news-fr","category-4859","category-10558","category-20659","description-off"],"acf":[],"_links":{"self":[{"href":"https:\/\/immigration.ca\/fr\/wp-json\/wp\/v2\/posts\/51623","targetHints":{"allow":["GET"]}}],"collection":[{"href":"https:\/\/immigration.ca\/fr\/wp-json\/wp\/v2\/posts"}],"about":[{"href":"https:\/\/immigration.ca\/fr\/wp-json\/wp\/v2\/types\/post"}],"author":[{"embeddable":true,"href":"https:\/\/immigration.ca\/fr\/wp-json\/wp\/v2\/users\/16"}],"replies":[{"embeddable":true,"href":"https:\/\/immigration.ca\/fr\/wp-json\/wp\/v2\/comments?post=51623"}],"version-history":[{"count":0,"href":"https:\/\/immigration.ca\/fr\/wp-json\/wp\/v2\/posts\/51623\/revisions"}],"wp:featuredmedia":[{"embeddable":true,"href":"https:\/\/immigration.ca\/fr\/wp-json\/wp\/v2\/media\/51617"}],"wp:attachment":[{"href":"https:\/\/immigration.ca\/fr\/wp-json\/wp\/v2\/media?parent=51623"}],"wp:term":[{"taxonomy":"category","embeddable":true,"href":"https:\/\/immigration.ca\/fr\/wp-json\/wp\/v2\/categories?post=51623"},{"taxonomy":"post_tag","embeddable":true,"href":"https:\/\/immigration.ca\/fr\/wp-json\/wp\/v2\/tags?post=51623"}],"curies":[{"name":"wp","href":"https:\/\/api.w.org\/{rel}","templated":true}]}}