{"id":51595,"date":"2018-08-10T18:40:31","date_gmt":"2018-08-10T18:40:31","guid":{"rendered":"https:\/\/immigrationca.staging.wpengine.com\/immigrants-make-good-entrepreneurs-and-thats-good-news-for-canada\/"},"modified":"2018-12-27T07:09:55","modified_gmt":"2018-12-27T07:09:55","slug":"immigrants-make-good-entrepreneurs-and-thats-good-news-for-canada","status":"publish","type":"post","link":"https:\/\/immigration.ca\/fr\/immigrants-make-good-entrepreneurs-and-thats-good-news-for-canada\/","title":{"rendered":"Les immigrants font de bons entrepreneurs et c&rsquo;est une bonne nouvelle pour le Canada"},"content":{"rendered":"<p>Le 10 ao\u00fbt 2018 &#8211; L\u2019analyse des statistiques de l\u2019emploi du recensement canadien de 2016 montre que le dynamisme de l\u2019esprit d\u2019entreprise et le respect de l\u2019innovation et de la cr\u00e9ativit\u00e9 sont \u00e0 l\u2019\u00e9gard de l\u2019\u00e9thique professionnelle des immigrants. Les Cor\u00e9ens, les Isra\u00e9liens, les Ta\u00efwanais et les Pendjabi sont en t\u00eate de liste, sont suivis d\u2019autres communaut\u00e9s.<\/p>\n<p>Les chiffres de l&rsquo;\u00e9tude de Statistique Canada r\u00e9alis\u00e9e en 2016 par l\u2019Association d&rsquo;\u00e9tudes canadiennes et l&rsquo;Institut canadien des identit\u00e9s et de la migration confirment que les r\u00e9sidents d&rsquo;origine ethnique non canadienne sont plus susceptibles de cr\u00e9er leur propre entreprise au Canada.<\/p>\n<h3>Donn\u00e9es sur les travailleurs autonomes du recensement de 2016<\/h3>\n<p><strong>Le recensement de 2016 confirme:<\/strong><\/p>\n<ul>\n<li>Les travailleurs autonomes de 45 \u00e0 54 ans au Canada \u00e9taient domin\u00e9s par des immigrants de Cor\u00e9e, d&rsquo;Isra\u00ebl, de Ta\u00efwan, de Turquie, de Syrie, du Pakistan et des membres de la communaut\u00e9 juive.<\/li>\n<li>Au Qu\u00e9bec, la liste \u00e9tait domin\u00e9e par les communaut\u00e9s punjabi, australienne, cor\u00e9enne, isra\u00e9lienne, syrienne et libanaise.<\/li>\n<li>30% des Cor\u00e9ens du m\u00eame groupe d&rsquo;\u00e2ge se sont d\u00e9clar\u00e9s travailleurs autonomes, contre 14% et 12% \u00e0 l&rsquo;\u00e9chelle nationale chez les autochtones.<\/li>\n<\/ul>\n<p><b>En savoir plus<\/b><\/p>\n<ul>\n<li><a href=\"https:\/\/immigration.ca\/fr\/immigrant-entrepreneurship-rise-new-study-finds-2\/\">L&rsquo;entrepreneuriat des immigr\u00e9s \u00e0 la hausse, selon une nouvelle \u00e9tude<\/a><\/li>\n<li><a href=\"https:\/\/immigration.ca\/fr\/long-term-economic-benefits-welcoming-immigrants-refugees\/\">Les avantages \u00e9conomiques \u00e0 long terme de l&rsquo;accueil d&rsquo;immigrants et de r\u00e9fugi\u00e9s<\/a><\/li>\n<\/ul>\n<h3>De nombreux facteurs au-del\u00e0 d&rsquo;une solide \u00e9thique du travail<\/h3>\n<p>Le fait que les immigrants soient plus susceptibles de devenir entrepreneurs est un <a href=\"https:\/\/immigration.ca\/fr\/immigrant-entrepreneurship-rise-new-study-finds-2\/\">concept bien document\u00e9<\/a>, et diverses \u00e9tudes ont r\u00e9v\u00e9l\u00e9 des tendances similaires non seulement au Canada, mais aussi aux \u00c9tats-Unis. Des raisons autres que la simple affinit\u00e9 pour le travail acharn\u00e9 contribuent \u00e0 la tendance croissante de l&rsquo;entrepreneuriat immigrant au Canada.<\/p>\n<ol>\n<li>Les immigrants qui ont du mal \u00e0 trouver un emploi cr\u00e9ent souvent une petite entreprise pour subvenir \u00e0 leurs besoins et contribuer \u00e0 l&rsquo;\u00e9conomie.<\/li>\n<li>Les agences de placement canadiennes encouragent les demandeurs non retenus \u00e0 lancer leurs propres entreprises.<\/li>\n<li>Certaines communaut\u00e9s, comme la communaut\u00e9 juive, gujarati ou pendjabi, ont un fort esprit d\u2019entreprise et une pr\u00e9f\u00e9rence pour le travail ind\u00e9pendant.<\/li>\n<li>Certaines communaut\u00e9s d&rsquo;immigrants disposent de comp\u00e9tences sp\u00e9cifiques adapt\u00e9es au travail ind\u00e9pendant. Gr\u00e2ce \u00e0 leur expertise dans l&rsquo;exploitation de commerces de d\u00e9tail locaux, les Cor\u00e9ens sont attir\u00e9s par leurs propres entreprises, tandis que de nombreux Philippins entrent au Canada en tant que dispensateurs de soins et, par cons\u00e9quent, se classent parmi les travailleurs ind\u00e9pendants.<\/li>\n<\/ol>\n<p>Une approche \u00e9quilibr\u00e9e et mature requise<\/p>\n<p>Une g\u00e9n\u00e9ralisation radicale sugg\u00e9rant que le travail ind\u00e9pendant est sup\u00e9rieur ou \u00e9conomiquement plus int\u00e9ressant \u00e0 occuper un emploi ou vice versa n&rsquo;est ni correcte ni pertinente.<\/p>\n<p>Les donn\u00e9es relatives \u00e0 la propri\u00e9t\u00e9 des entreprises par les Canadiens depuis plus de neuf ans montrent que 5,3% des immigrants poss\u00e8dent une entreprise, comparativement \u00e0 4,8% chez les personnes n\u00e9es au Canada. Pourtant, les entreprises priv\u00e9es appartenant \u00e0 des entrepreneurs n\u00e9s au Canada ont tendance \u00e0 \u00eatre plus grandes que les entreprises appartenant \u00e0 des immigrants.<\/p>\n<p>Par cons\u00e9quent, toute comparaison entre entrepreneuriat et emploi ou entre immigrants et entrepreneurs autochtones exige une vision nuanc\u00e9e et \u00e9quilibr\u00e9e reconnaissant les ant\u00e9c\u00e9dents fructueux du Canada en mati\u00e8re d&rsquo;extraction de la valeur \u00e9conomique des r\u00e9sidents n\u00e9s au Canada et des immigrants.<\/p>\n<p><b>Visionner la vid\u00e9o<\/b><\/p>\n<p><a href=\"https:\/\/immigration.ca\/fr\/how-to-buy-a-business-and-move-to-canada\/\">Comment acheter une entreprise et d\u00e9m\u00e9nager au Canada<\/a><\/p>\n<p><b>Employeurs int\u00e9ress\u00e9s<\/b> : <a href=\"https:\/\/immigration.ca\/fr\/canada-employers\/\">veuillez nous contacter<\/a> pour recevoir de plus amples informations.<\/p>\n<p><b>Candidats int\u00e9ress\u00e9s<\/b> : d\u00e9couvrez si vous \u00eates admissible au Canada en <a href=\"https:\/\/immigration.ca\/fr\/free-immigration-evaluation-forms\/\">remplissant notre \u00e9valuation gratuite en ligne<\/a>. Nous vous fournirons notre \u00e9valuation dans les 1 \u00e0 2 jours ouvrables.<\/p>\n<p>Lisez plus de nouvelles sur l&rsquo;immigration au Canada en <a href=\"https:\/\/immigration.ca\/fr\/articles-de-presse-sur-limmigration-au-canada-2018\/\">cliquant ici<\/a>.<\/p>\n<p>&nbsp;<\/p>\n","protected":false},"excerpt":{"rendered":"<p>Le 10 ao\u00fbt 2018 &#8211; L\u2019analyse des statistiques de l\u2019emploi du recensement canadien de 2016 montre que le dynamisme de l\u2019esprit d\u2019entreprise et le respect de l\u2019innovation et de la cr\u00e9ativit\u00e9 sont \u00e0 l\u2019\u00e9gard de l\u2019\u00e9thique professionnelle des immigrants. Les Cor\u00e9ens, les Isra\u00e9liens, les Ta\u00efwanais et les Pendjabi sont en t\u00eate de liste, sont suivis&hellip;<\/p>\n","protected":false},"author":16,"featured_media":51589,"comment_status":"closed","ping_status":"closed","sticky":false,"template":"","format":"standard","meta":{"_acf_changed":false,"footnotes":""},"categories":[4859],"tags":[],"class_list":["post-51595","post","type-post","status-publish","format-standard","has-post-thumbnail","hentry","category-lactualite-canadienne","category-4859","description-off"],"acf":[],"_links":{"self":[{"href":"https:\/\/immigration.ca\/fr\/wp-json\/wp\/v2\/posts\/51595","targetHints":{"allow":["GET"]}}],"collection":[{"href":"https:\/\/immigration.ca\/fr\/wp-json\/wp\/v2\/posts"}],"about":[{"href":"https:\/\/immigration.ca\/fr\/wp-json\/wp\/v2\/types\/post"}],"author":[{"embeddable":true,"href":"https:\/\/immigration.ca\/fr\/wp-json\/wp\/v2\/users\/16"}],"replies":[{"embeddable":true,"href":"https:\/\/immigration.ca\/fr\/wp-json\/wp\/v2\/comments?post=51595"}],"version-history":[{"count":0,"href":"https:\/\/immigration.ca\/fr\/wp-json\/wp\/v2\/posts\/51595\/revisions"}],"wp:featuredmedia":[{"embeddable":true,"href":"https:\/\/immigration.ca\/fr\/wp-json\/wp\/v2\/media\/51589"}],"wp:attachment":[{"href":"https:\/\/immigration.ca\/fr\/wp-json\/wp\/v2\/media?parent=51595"}],"wp:term":[{"taxonomy":"category","embeddable":true,"href":"https:\/\/immigration.ca\/fr\/wp-json\/wp\/v2\/categories?post=51595"},{"taxonomy":"post_tag","embeddable":true,"href":"https:\/\/immigration.ca\/fr\/wp-json\/wp\/v2\/tags?post=51595"}],"curies":[{"name":"wp","href":"https:\/\/api.w.org\/{rel}","templated":true}]}}