{"id":4873,"date":"2016-06-20T13:36:14","date_gmt":"2016-06-20T13:36:14","guid":{"rendered":"https:\/\/immigrationca.staging.wpengine.com\/fr\/?p=4873"},"modified":"2017-01-03T17:45:58","modified_gmt":"2017-01-03T17:45:58","slug":"vitriers-vitrieres","status":"publish","type":"post","link":"https:\/\/immigration.ca\/fr\/vitriers-vitrieres\/","title":{"rendered":"Vitriers\/Vitri\u00e8res"},"content":{"rendered":"<p class=\"p1\"><span class=\"s1\">Nous acceptons actuellement les demandes des ressortissants \u00e9trangers qui souhaitent vivre et travailler au Canada sur une base acc\u00e9l\u00e9r\u00e9e pour emploi imm\u00e9diat \u00e0 temps plein dans\u00a0 cette industrie canadienne.<\/span><\/p>\n<p class=\"p1\"><span class=\"s1\">Nos Programmes Acc\u00e9l\u00e9r\u00e9s d&rsquo;Emploi mettent \u00e0 la disposition des candidats qualifi\u00e9s et \u00e0 leurs familles l&rsquo;admission temporaire imm\u00e9diate pour le Canada sur la base d&rsquo;une offre d&#8217;emploi \u00e0 temps plein approuv\u00e9 par le gouvernement, en rapport avec leurs qualifications.<\/span><\/p>\n<p class=\"p1\"><span class=\"s1\">Les candidats qualifi\u00e9s recevront un permis de travail pour une entr\u00e9e imm\u00e9diate au Canada avec leurs familles. Par la suite les candidats qualifi\u00e9s et leurs familles peuvent \u00e9galement demander la r\u00e9sidence permanente au Canada.<\/span><\/p>\n<p class=\"p1\"><span class=\"s1\">Les employeurs canadiens dans ce secteur offrent des forfaits des avantages sociaux r\u00e9mun\u00e9rateurs qui peuvent d\u00e9passer 70 000$ CAD.<\/span><\/p>\n<p class=\"p1\"><span class=\"s1\">Pour \u00eatre admissibles, les candidats potentiels doivent r\u00e9pondre aux exigences de base suivantes:<\/span><\/p>\n<ol class=\"ol1\">\n<li class=\"li1\"><span class=\"s1\">Vous devez avoir un minimum de 2 ans d&rsquo;exp\u00e9rience pertinente\u00a0;<\/span><\/li>\n<li class=\"li1\"><span class=\"s1\">Vous devez avoir termin\u00e9 un programme appropri\u00e9 d&rsquo;apprentissage de 3 ans\u00a0;<\/span><\/li>\n<li class=\"li1\"><span class=\"s1\">Vous devez avoir de bonnes comp\u00e9tences en anglais ou en fran\u00e7ais\u00a0;<\/span><\/li>\n<li class=\"li1\"><span class=\"s1\">Vous devez prouver que vous ne consommez pas de la drogue.<\/span><\/li>\n<li class=\"li1\"><span class=\"s1\">Vous devez avoir un casier judiciaire vierge au cours des 5 derni\u00e8res ann\u00e9es (\u00e0 l&rsquo;exclusion des infractions pour exc\u00e8s de vitesse).<\/span><\/li>\n<\/ol>\n<p class=\"p1\"><span class=\"s1\">Si vous r\u00e9pondez aux exigences minimales ci-dessus, <\/span><span class=\"s2\">vous devez<\/span><span class=\"s1\"> avoir de l&rsquo;exp\u00e9rience dans la majorit\u00e9 des fonctions suivantes:<\/span><\/p>\n<ul class=\"ul1\">\n<li class=\"li1\"><span class=\"s1\">Lire et interpr\u00e9ter les plans et les devis afin de d\u00e9terminer le type et l&rsquo;\u00e9paisseur des vitres et des cadres, la m\u00e9thode d&rsquo;installation et les mat\u00e9riaux requis;<\/span><\/li>\n<li class=\"li1\"><span class=\"s1\">Mesurer le verre, le marquer et le couper \u00e0 l&rsquo;aide d&rsquo;un coupe-verre manuel ou assist\u00e9 par ordinateur;<\/span><\/li>\n<li class=\"li1\"><span class=\"s1\">Teinter le verre et cr\u00e9er des motifs en gravant le verre, en le traitant avec un jet de sable sous pression ou en le peignant;<\/span><\/li>\n<li class=\"li1\"><span class=\"s1\">Monter, \u00e9riger et d\u00e9monter des \u00e9chafaudages et du mat\u00e9riel de r\u00e9glage et de levage;<\/span><\/li>\n<li class=\"li1\"><span class=\"s1\">Poser les carreaux dans les cadres et les fixer \u00e0 l&rsquo;aide d&rsquo;agrafes, de pointes de vitrier ou de moulures;<\/span><\/li>\n<li class=\"li1\"><span class=\"s1\">Assembler et poser aux murs, aux plafonds ou aux fa\u00e7ades des b\u00e2timents, des \u00e9l\u00e9ments de verre pr\u00e9fabriqu\u00e9s, des miroirs ou des produits en verre;<\/span><\/li>\n<li class=\"li1\"><span class=\"s1\">Fabriquer les cadres m\u00e9talliques pour l&rsquo;installation des vitres;<\/span><\/li>\n<li class=\"li1\"><span class=\"s1\">Installer, ajuster, fabriquer et fixer des m\u00e9taux d&rsquo;architecture ou des produits de remplacement connexes dans des immeubles commerciaux et r\u00e9sidentiels;<\/span><\/li>\n<li class=\"li1\"><span class=\"s1\">Fixer dans les cadres les miroirs et les panneaux de verre opaques ou transparents pr\u00e9taill\u00e9s qui formeront les murs ext\u00e9rieurs des b\u00e2timents;<\/span><\/li>\n<li class=\"li1\"><span class=\"s1\">Remplacer les vitres des meubles et des autres accessoires;<\/span><\/li>\n<li class=\"li1\"><span class=\"s1\">Fabriquer et poser des lanterneaux, des vitrines et des aquariums ainsi que des vitraux et des vitrages sp\u00e9ciaux dans les \u00e9glises, les mus\u00e9es, les centres sportifs et autres \u00e9tablissements;<\/span><\/li>\n<li class=\"li1\"><span class=\"s1\">R\u00e9parer et assurer l&rsquo;entretien de fen\u00eatres de maisons, de portes en aluminium dans les commerces et d&rsquo;autres structures servant \u00e0 retenir le verre, et remplacer les vitres et les mat\u00e9riaux d&rsquo;\u00e9tanch\u00e9it\u00e9 endommag\u00e9s;<\/span><\/li>\n<li class=\"li1\"><span class=\"s1\">Fournir, au besoin, des devis aux clients.<\/span><\/li>\n<\/ul>\n<p class=\"p1\"><span class=\"s1\">Les personnes qui satisfont aux cinq (5) exigences de base ci-dessus et qui effectuent la majorit\u00e9 des fonctions decrites ci-dessus peuvent \u00eatre admissibles \u00e0 nos Programmes Acc\u00e9l\u00e9r\u00e9s d&rsquo;Emploi en tant que vitrier\/vitri\u00e8re.<\/span><\/p>\n<p class=\"p1\"><span class=\"s1\"><b>Comment proc\u00e9der\u00a0:<\/b><\/span><\/p>\n<ol class=\"ol1\">\n<li class=\"li1\"><span class=\"s1\">Remplissez le <\/span><span class=\"s2\">questionnaire<\/span><span class=\"s1\"> et nous allons \u00e9valuer vos qualifications.<\/span><\/li>\n<li class=\"li1\"><span class=\"s1\">Nous allons \u00e9valuer vos qualifications et vous contacter dans les 1-2 jours ouvrables pour examiner les modalit\u00e9s de ce programme.<\/span><\/li>\n<\/ol>\n<p class=\"p1\"><span class=\"s1\">Nous avons h\u00e2te de vous aider \u00e0 d\u00e9m\u00e9nager au Canada bient\u00f4t!<\/span><\/p>\n","protected":false},"excerpt":{"rendered":"<p>Nous acceptons actuellement les demandes des ressortissants \u00e9trangers qui souhaitent vivre et travailler au Canada sur une base acc\u00e9l\u00e9r\u00e9e pour emploi imm\u00e9diat \u00e0 temps plein dans\u00a0 cette industrie canadienne. Nos Programmes Acc\u00e9l\u00e9r\u00e9s d&rsquo;Emploi mettent \u00e0 la disposition des candidats qualifi\u00e9s et \u00e0 leurs familles l&rsquo;admission temporaire imm\u00e9diate pour le Canada sur la base d&rsquo;une offre&hellip;<\/p>\n","protected":false},"author":16,"featured_media":0,"comment_status":"closed","ping_status":"closed","sticky":false,"template":"","format":"standard","meta":{"_acf_changed":false,"footnotes":""},"categories":[4871,1],"tags":[],"class_list":["post-4873","post","type-post","status-publish","format-standard","hentry","category-cprp","category-uncategorized","category-4871","category-1","description-off"],"acf":[],"_links":{"self":[{"href":"https:\/\/immigration.ca\/fr\/wp-json\/wp\/v2\/posts\/4873","targetHints":{"allow":["GET"]}}],"collection":[{"href":"https:\/\/immigration.ca\/fr\/wp-json\/wp\/v2\/posts"}],"about":[{"href":"https:\/\/immigration.ca\/fr\/wp-json\/wp\/v2\/types\/post"}],"author":[{"embeddable":true,"href":"https:\/\/immigration.ca\/fr\/wp-json\/wp\/v2\/users\/16"}],"replies":[{"embeddable":true,"href":"https:\/\/immigration.ca\/fr\/wp-json\/wp\/v2\/comments?post=4873"}],"version-history":[{"count":0,"href":"https:\/\/immigration.ca\/fr\/wp-json\/wp\/v2\/posts\/4873\/revisions"}],"wp:attachment":[{"href":"https:\/\/immigration.ca\/fr\/wp-json\/wp\/v2\/media?parent=4873"}],"wp:term":[{"taxonomy":"category","embeddable":true,"href":"https:\/\/immigration.ca\/fr\/wp-json\/wp\/v2\/categories?post=4873"},{"taxonomy":"post_tag","embeddable":true,"href":"https:\/\/immigration.ca\/fr\/wp-json\/wp\/v2\/tags?post=4873"}],"curies":[{"name":"wp","href":"https:\/\/api.w.org\/{rel}","templated":true}]}}