{"id":47079,"date":"2018-05-14T13:34:01","date_gmt":"2018-05-14T13:34:01","guid":{"rendered":"https:\/\/immigrationca.staging.wpengine.com\/ontario-conducts-new-noi-draw-aimed-at-french-speaking-skilled-workers\/"},"modified":"2018-05-21T15:42:49","modified_gmt":"2018-05-21T15:42:49","slug":"ontario-conducts-new-noi-draw-aimed-at-french-speaking-skilled-workers","status":"publish","type":"post","link":"https:\/\/immigration.ca\/fr\/ontario-conducts-new-noi-draw-aimed-at-french-speaking-skilled-workers\/","title":{"rendered":"Ontario organise un nouveau tirage de d\u00e9clarations d\u2019int\u00e9r\u00eat destin\u00e9es aux travailleurs qualifi\u00e9s francophones"},"content":{"rendered":"<p><img fetchpriority=\"high\" decoding=\"async\" class=\"alignright wp-image-36353 size-medium\" title=\"Ontario Conducts New NOI Draw Aimed At French Speaking Skilled Workers\" src=\"https:\/\/immigration.ca\/wp-content\/uploads\/2017\/07\/ottawa-Ontario-300x201.jpg\" alt=\"Ontario Conducts New NOI Draw Aimed At French Speaking Skilled Workers\" width=\"300\" height=\"201\" srcset=\"https:\/\/immigration.ca\/wp-content\/uploads\/2017\/07\/ottawa-Ontario-300x201.jpg 300w, https:\/\/immigration.ca\/wp-content\/uploads\/2017\/07\/ottawa-Ontario-280x187.jpg 280w, https:\/\/immigration.ca\/wp-content\/uploads\/2017\/07\/ottawa-Ontario.jpg 640w\" sizes=\"(max-width: 300px) 100vw, 300px\" \/><\/p>\n<p>Le 14 mai 2018 &#8211; Une nouvelle ronde de d\u00e9clarations d&rsquo;int\u00e9r\u00eat dans le cadre du volet ontarien Entr\u00e9e express pour les travailleurs qualifi\u00e9s francophones a eu lieu le 10 mai 2018.<\/p>\n<p>Dix-huit d\u00e9clarations d&rsquo;int\u00e9r\u00eat ont \u00e9t\u00e9 d\u00e9livr\u00e9es aux candidats qui ont soumis leur profil d&rsquo;<a href=\"https:\/\/immigration.ca\/fr\/express-entry-immigration-2018\/\">Entr\u00e9e express<\/a> entre le 1er janvier et le 10 mai 2018.<\/p>\n<p>Il n&rsquo;y a pas de score minimum pour le volet de Travailleurs qualifi\u00e9s francophones.<\/p>\n<h3>Entr\u00e9e express ontarien: volet des travailleurs qualifi\u00e9s francophones (TQF)<\/h3>\n<p><strong>Pour se qualifier, les candidats doivent avoir:<\/strong><\/p>\n<ul>\n<li>Une dmande en attente dans le cadre du syst\u00e8me Entr\u00e9 express f\u00e9d\u00e9ral;<\/li>\n<li>Minimum d&rsquo;un an d&#8217;emploi \u00e0 temps plein ou d&rsquo;une exp\u00e9rience de travail \u00e9quivalente \u00e0 temps plein selon le niveau d&rsquo;occupation 0, A ou B de la CNP;<\/li>\n<li>Baccalaur\u00e9at, ma\u00eetrise ou doctorat \u00e9quivalent au Canada;<\/li>\n<li>Niveau CLB du minimum 7 dans l&rsquo;examen TEF<\/li>\n<li>Intention de r\u00e9sider dans la province en Ontario;<\/li>\n<li>Minimum de 400 points dans le Syst\u00e8me de classement global entr\u00e9e express.<\/li>\n<\/ul>\n<p>Le <a href=\"https:\/\/immigration.ca\/fr\/immigration-ontario\/\">Programme ontarienne des candidats \u00e0 l\u2019immigration<\/a> (POCI) a commenc\u00e9 \u00e0 publier de l&rsquo;information sur des tirages sp\u00e9cifiques au d\u00e9but de 2018. Ceci vient apr\u00e8s que la province a sign\u00e9 une entente d&rsquo;immigration avec le gouvernement f\u00e9d\u00e9ral du Canada \u00e0 la fin de 2017.<\/p>\n<p>C&rsquo;\u00e9tait le deuxi\u00e8me tirage en mai sous la TQF et le 14\u00e8me en 2018.<\/p>\n<p>Le tirage TQF pr\u00e9c\u00e9dent a \u00e9t\u00e9 fait le 3mai 2018 et 36 d\u00e9clarations d\u2019iint\u00e9r\u00ea ont \u00e9t\u00e9 \u00e9mis aux candidats qui ont soumis leur profil d&rsquo;Entr\u00e9e express entre le 1er janvier et l3 mai 2018.<\/p>\n<p>L&rsquo;Ontario a \u00e9galement r\u00e9alis\u00e9 plusieurs tirages dans<span class=\"Apple-converted-space\">\u00a0 <\/span>le volet Priorit\u00e9s en mati\u00e8re de capital humain, le volet des Travailleurs qualifi\u00e9s francophones et le volet d\u2019Entrepreneurs en 2018.<\/p>\n<hr \/>\n<h3>Les d\u00e9clarations d\u2019int\u00e9r\u00eat publi\u00e9es en 2018<\/h3>\n<table cellspacing=\"0\" cellpadding=\"0\">\n<tbody>\n<tr>\n<td valign=\"top\">Volet de Priorit\u00e9 capital humain (VPCH)<\/td>\n<td valign=\"top\">2587<\/td>\n<\/tr>\n<tr>\n<td valign=\"top\">Volet des Travailleurs qualifi\u00e9s francophones (VTQF)<\/td>\n<td valign=\"top\">420<\/td>\n<\/tr>\n<tr>\n<td valign=\"top\">Volet de M\u00e9tiers sp\u00e9cialis\u00e9s (VTS)<\/td>\n<td valign=\"top\">604<\/td>\n<\/tr>\n<tr>\n<td valign=\"top\">Volet d&rsquo;Entrepreneur<\/td>\n<td valign=\"top\">36<\/td>\n<\/tr>\n<\/tbody>\n<\/table>\n<p>Source: <a href=\"http:\/\/www.ontarioimmigration.ca\">www.ontarioimmigration.ca<\/a><\/p>\n<hr \/>\n<p>Le <a href=\"https:\/\/immigration.ca\/fr\/immigration-ontario\/\">POCI<\/a> a re\u00e7u une augmentation du gouvernement f\u00e9d\u00e9ral pour 2018 des 6 600 nominations, en hausse de 600 par rapport \u00e0 2017.<\/p>\n<p>La province accepte actuellement des demandes pour tous ses volets d&rsquo;immigration, sauf un.<\/p>\n<hr \/>\n<p><b>En savoir plus<\/b><\/p>\n<p><a href=\"https:\/\/immigration.ca\/fr\/overview-ontarios-2017-immigration-strategy-progress-report\/\">Un aper\u00e7u du rapport sur la strat\u00e9gie d\u2019immigration ontarienne de 2017<\/a><br \/>\n<a href=\"https:\/\/immigration.ca\/fr\/ontario-immigration-act-2015-now-force-effective-january-1-2018\/\">Loi sur l&rsquo;immigration ontarienne 2015, entr\u00e9e en vigueur le 1er janvier 2018<\/a><br \/>\n<a href=\"https:\/\/immigration.ca\/fr\/ontario-immigration-granted-increased-2017-nomination-allocation\/\">L&rsquo;immigration en Ontario re\u00e7oit une augmentation de la r\u00e9partition des nominations de 2017<\/a><br \/>\n<a href=\"https:\/\/immigration.ca\/fr\/new-canada-ontario-immigration-agreement-harmonize-immigration-policies-canadas-largest-province\/\">Nouvel accord Canada-Ontario sur l&rsquo;immigration visant \u00e0 harmoniser les politiques d&rsquo;immigration avec la plus grande province du Canada<\/a><\/p>\n<hr \/>\n<h3>Statut des volets de l&rsquo;Ontario<\/h3>\n<table cellspacing=\"0\" cellpadding=\"0\">\n<tbody>\n<tr>\n<td valign=\"top\"><b>Volet d&rsquo;immigration<\/b><\/td>\n<td valign=\"top\"><b>Statut<\/b><\/td>\n<\/tr>\n<tr>\n<td valign=\"top\">Priorit\u00e9s du capital humain (Entr\u00e9e express)<\/td>\n<td valign=\"top\">Ouvert<\/td>\n<\/tr>\n<tr>\n<td valign=\"top\">Travailleur qualifi\u00e9 francophone (Entr\u00e9e express)<\/td>\n<td valign=\"top\">Ouvert<\/td>\n<\/tr>\n<tr>\n<td valign=\"top\">M\u00e9tiers sp\u00e9cialis\u00e9s (Entr\u00e9e express)<\/td>\n<td valign=\"top\">Ouvert<\/td>\n<\/tr>\n<tr>\n<td valign=\"top\">Offre d&#8217;emploi d&#8217;employeur<\/td>\n<td valign=\"top\">Ouvert<\/td>\n<\/tr>\n<tr>\n<td valign=\"top\">\u00c9tudiant international (ma\u00eetrise)<\/td>\n<td valign=\"top\">Ferm\u00e9<\/td>\n<\/tr>\n<tr>\n<td valign=\"top\">\u00c9tudiant international (Doctorat)<\/td>\n<td valign=\"top\">Ouvert<\/td>\n<\/tr>\n<tr>\n<td valign=\"top\">Affaires (Entreprise)<\/td>\n<td valign=\"top\">Ouvert<\/td>\n<\/tr>\n<tr>\n<td valign=\"top\">Affaires m (Entrepreneur)<\/td>\n<td valign=\"top\">Ouvert<\/td>\n<\/tr>\n<\/tbody>\n<\/table>\n<p>Source: <a href=\"http:\/\/www.ontarioimmigration.ca\">www.ontarioimmigration.ca<\/a><\/p>\n<hr \/>\n<p><b>Employeurs int\u00e9ress\u00e9s<\/b>: <a href=\"https:\/\/immigration.ca\/fr\/canada-employers\/\">veuillez nous contacter<\/a> pour recevoir de plus amples informations.<\/p>\n<p><b>Candidats int\u00e9ress\u00e9s<\/b>: d\u00e9couvrez si vous \u00eates admissible au Canada en <a href=\"https:\/\/immigration.ca\/fr\/free-immigration-evaluation-forms\/\">remplissant notre \u00e9valuation gratuite en ligne<\/a>. Nous vous fournirons notre \u00e9valuation dans les 1 \u00e0 2 jours ouvrables.<\/p>\n<p>Lisez plus de nouvelles sur l&rsquo;immigration au Canada en <a href=\"https:\/\/immigration.ca\/fr\/articles-de-presse-sur-limmigration-au-canada-2018\/\">cliquant ici<\/a>.<\/p>\n<p>&nbsp;<\/p>\n","protected":false},"excerpt":{"rendered":"<p>Le 14 mai 2018 &#8211; Une nouvelle ronde de d\u00e9clarations d&rsquo;int\u00e9r\u00eat dans le cadre du volet ontarien Entr\u00e9e express pour les travailleurs qualifi\u00e9s francophones a eu lieu le 10 mai 2018. Dix-huit d\u00e9clarations d&rsquo;int\u00e9r\u00eat ont \u00e9t\u00e9 d\u00e9livr\u00e9es aux candidats qui ont soumis leur profil d&rsquo;Entr\u00e9e express entre le 1er janvier et le 10 mai 2018.&hellip;<\/p>\n","protected":false},"author":16,"featured_media":0,"comment_status":"closed","ping_status":"closed","sticky":false,"template":"","format":"standard","meta":{"_acf_changed":false,"footnotes":""},"categories":[4859,16982,10558],"tags":[],"class_list":["post-47079","post","type-post","status-publish","format-standard","hentry","category-lactualite-canadienne","category-ontario-fr","category-provincial-news-fr","category-4859","category-16982","category-10558","description-off"],"acf":[],"_links":{"self":[{"href":"https:\/\/immigration.ca\/fr\/wp-json\/wp\/v2\/posts\/47079","targetHints":{"allow":["GET"]}}],"collection":[{"href":"https:\/\/immigration.ca\/fr\/wp-json\/wp\/v2\/posts"}],"about":[{"href":"https:\/\/immigration.ca\/fr\/wp-json\/wp\/v2\/types\/post"}],"author":[{"embeddable":true,"href":"https:\/\/immigration.ca\/fr\/wp-json\/wp\/v2\/users\/16"}],"replies":[{"embeddable":true,"href":"https:\/\/immigration.ca\/fr\/wp-json\/wp\/v2\/comments?post=47079"}],"version-history":[{"count":0,"href":"https:\/\/immigration.ca\/fr\/wp-json\/wp\/v2\/posts\/47079\/revisions"}],"wp:attachment":[{"href":"https:\/\/immigration.ca\/fr\/wp-json\/wp\/v2\/media?parent=47079"}],"wp:term":[{"taxonomy":"category","embeddable":true,"href":"https:\/\/immigration.ca\/fr\/wp-json\/wp\/v2\/categories?post=47079"},{"taxonomy":"post_tag","embeddable":true,"href":"https:\/\/immigration.ca\/fr\/wp-json\/wp\/v2\/tags?post=47079"}],"curies":[{"name":"wp","href":"https:\/\/api.w.org\/{rel}","templated":true}]}}