{"id":4587,"date":"2016-06-13T16:54:33","date_gmt":"2016-06-13T16:54:33","guid":{"rendered":"https:\/\/immigrationca.staging.wpengine.com\/fr\/?p=4587"},"modified":"2016-09-28T17:41:33","modified_gmt":"2016-09-28T17:41:33","slug":"le-gouvernement-sollicite-lopinion-des-quebecois-sur-la-revision-proposee-de-la-politique-dimmigration","status":"publish","type":"post","link":"https:\/\/immigration.ca\/fr\/le-gouvernement-sollicite-lopinion-des-quebecois-sur-la-revision-proposee-de-la-politique-dimmigration\/","title":{"rendered":"Le gouvernement sollicite l&rsquo;opinion des Qu\u00e9b\u00e9cois sur la r\u00e9vision propos\u00e9e de la politique d&rsquo;immigration"},"content":{"rendered":"<p style=\"text-align: justify;\">Le gouvernement provincial du Qu\u00e9bec a l&rsquo;intention de lancer une consultation pour comprendre les opinions et les avis de ses r\u00e9sidents en mati\u00e8re d&rsquo;immigration, de la diversit\u00e9 et de l&rsquo;inclusion dans la province. Cette consultation facilite pour le gouvernement la mise en \u0153uvre de la r\u00e9vision envisag\u00e9e de sa politique d&rsquo;immigration.<\/p>\n<p>Le ministre provincial de l&rsquo;Immigration a fait remarquer que trouver un emploi est le plus grand d\u00e9fi pour les nouveaux Qu\u00e9b\u00e9cois. Le ministre a estim\u00e9 que l&rsquo;int\u00e9gration de l&rsquo;immigrant dans la population active par la reconnaissance de ses comp\u00e9tences professionnelles est une question que le gouvernement a cherch\u00e9 \u00e0 aborder dans sa r\u00e9vision de la politique.<\/p>\n<p>Le gouvernement envisage \u00e9galement de reconna\u00eetre les dipl\u00f4mes \u00e9trangers, l&rsquo;absence d&rsquo;une telle reconnaissance \u00e9tant une source de grande frustration pour les immigrants qualifi\u00e9s originaires d&rsquo;autres pays. Le ministre a d\u00e9clar\u00e9 que le gouvernement \u00e9tait conscient du sentiment d&rsquo;exclusion que les immigrants ressentent quand ils sont incapables de trouver un emploi apr\u00e8s leur d\u00e9m\u00e9nagement dans la province.<\/p>\n<p>Afin de minimiser les cas o\u00f9 la seconde g\u00e9n\u00e9ration d&rsquo;immigrants faillit de trouver des emplois adapt\u00e9s \u00e0 leurs comp\u00e9tences, le gouvernement pr\u00e9voit d&rsquo;impliquer les employeurs essentiels dans le d\u00e9bat sur la nouvelle politique d&rsquo;immigration pr\u00e9vu par le gouvernement. Il a exist\u00e9 des cas d&rsquo;immigrants issus de minorit\u00e9s visibles ou ceux qui ne ressemblent pas \u00e0 des francophones qui ont de la difficult\u00e9 pour trouver des emplois dans la province.<\/p>\n<p>Parlant de la demande pour une charte la\u00efque, le ministre a d\u00e9clar\u00e9 que le gouvernement pr\u00e9f\u00e8re se concentrer sur les vrais probl\u00e8mes li\u00e9s \u00e0 l&rsquo;immigration au lieu de parler d&rsquo;une charte de valeurs, qui ne ferait que conduire \u00e0 un d\u00e9bat de discorde. Ces commentaires visaient le candidat \u00e0 la direction du PQ, Bernard Drainville, qui a annonc\u00e9 sa version de la nouvelle loi sur la charte la\u00efque. Bernard a d\u00e9clar\u00e9 sans \u00e9quivoque que l&rsquo;int\u00e9gration ne peut pas se produire sans la la\u00efcit\u00e9, et que l&rsquo;\u00c9tat doit rester neutre pour pr\u00e9server la diversit\u00e9.<\/p>\n<p>Les consultations sur la nouvelle politique d&rsquo;immigration sont programm\u00e9es \u00e0 partir de la fin de janvier 2015.<\/p>\n","protected":false},"excerpt":{"rendered":"<p>Le gouvernement provincial du Qu\u00e9bec a l&rsquo;intention de lancer une consultation pour comprendre les opinions et les avis de ses r\u00e9sidents en mati\u00e8re d&rsquo;immigration, de la diversit\u00e9 et de l&rsquo;inclusion dans la province. Cette consultation facilite pour le gouvernement la mise en \u0153uvre de la r\u00e9vision envisag\u00e9e de sa politique d&rsquo;immigration. Le ministre provincial de&hellip;<\/p>\n","protected":false},"author":16,"featured_media":0,"comment_status":"closed","ping_status":"closed","sticky":false,"template":"","format":"standard","meta":{"_acf_changed":false,"footnotes":""},"categories":[4859],"tags":[3354,5292,3356,68102],"class_list":["post-4587","post","type-post","status-publish","format-standard","hentry","category-lactualite-canadienne","tag-canada-fr","tag-canada-immigration-fr","tag-immigration-fr","tag-quebec-fr","category-4859","description-off"],"acf":[],"_links":{"self":[{"href":"https:\/\/immigration.ca\/fr\/wp-json\/wp\/v2\/posts\/4587","targetHints":{"allow":["GET"]}}],"collection":[{"href":"https:\/\/immigration.ca\/fr\/wp-json\/wp\/v2\/posts"}],"about":[{"href":"https:\/\/immigration.ca\/fr\/wp-json\/wp\/v2\/types\/post"}],"author":[{"embeddable":true,"href":"https:\/\/immigration.ca\/fr\/wp-json\/wp\/v2\/users\/16"}],"replies":[{"embeddable":true,"href":"https:\/\/immigration.ca\/fr\/wp-json\/wp\/v2\/comments?post=4587"}],"version-history":[{"count":0,"href":"https:\/\/immigration.ca\/fr\/wp-json\/wp\/v2\/posts\/4587\/revisions"}],"wp:attachment":[{"href":"https:\/\/immigration.ca\/fr\/wp-json\/wp\/v2\/media?parent=4587"}],"wp:term":[{"taxonomy":"category","embeddable":true,"href":"https:\/\/immigration.ca\/fr\/wp-json\/wp\/v2\/categories?post=4587"},{"taxonomy":"post_tag","embeddable":true,"href":"https:\/\/immigration.ca\/fr\/wp-json\/wp\/v2\/tags?post=4587"}],"curies":[{"name":"wp","href":"https:\/\/api.w.org\/{rel}","templated":true}]}}