{"id":43694,"date":"2018-02-28T00:41:53","date_gmt":"2018-02-28T00:41:53","guid":{"rendered":"https:\/\/immigrationca.staging.wpengine.com\/romanian-asylum-claims-spike-since-canada-visa-requirement-lifted\/"},"modified":"2018-05-21T15:28:08","modified_gmt":"2018-05-21T15:28:08","slug":"romanian-asylum-claims-spike-since-canada-visa-requirement-lifted","status":"publish","type":"post","link":"https:\/\/immigration.ca\/fr\/romanian-asylum-claims-spike-since-canada-visa-requirement-lifted\/","title":{"rendered":"Les demandes d&rsquo;asile roumaines augmentent depuis la lev\u00e9e du visa"},"content":{"rendered":"<p><img decoding=\"async\" class=\"alignright wp-image-37656\" title=\"Romanian Asylum Claims Spike Since Canada Visa Requirement Lifted\" src=\"https:\/\/immigration.ca\/wp-content\/uploads\/2017\/08\/canada-2618859_640-300x200.jpg\" alt=\"Romanian Asylum Claims Spike Since Canada Visa Requirement Lifted\" width=\"270\" height=\"180\" srcset=\"https:\/\/immigration.ca\/wp-content\/uploads\/2017\/08\/canada-2618859_640-300x200.jpg 300w, https:\/\/immigration.ca\/wp-content\/uploads\/2017\/08\/canada-2618859_640-280x187.jpg 280w, https:\/\/immigration.ca\/wp-content\/uploads\/2017\/08\/canada-2618859_640.jpg 640w\" sizes=\"(max-width: 270px) 100vw, 270px\" \/><\/p>\n<p>Le 27 f\u00e9vrier 2018 &#8211; Les demandes d&rsquo;asile des Roumains ont augment\u00e9 depuis la lev\u00e9e de l&rsquo;obligation de visa du Canada pour le pays de l&rsquo;Union europ\u00e9enne, le 1er d\u00e9cembre 2017.<\/p>\n<p>Les chiffres montrent que 232 Roumains ont demand\u00e9 l&rsquo;asile depuis que l&rsquo;exigence a \u00e9t\u00e9 lev\u00e9e, comparativement \u00e0 120 r\u00e9clamations dans l&rsquo;ensemble de 2016.<\/p>\n<p>La hausse a d\u00e9j\u00e0 donn\u00e9 lieu \u00e0 une r\u00e9union \u00e0 Ottawa entre des repr\u00e9sentants du gouvernement canadien et roumain.<\/p>\n<p><b>En Savoir Plus<\/b><\/p>\n<p><a href=\"https:\/\/immigration.ca\/fr\/romanians-bulgarians-no-longer-require-canada-visa\/\">Obligation de visa lev\u00e9e pour les Roumains et les Bulgares<\/a><br \/>\n<a href=\"https:\/\/immigration.ca\/fr\/le-premier-ministre-de-la-roumanie-menace-de-voter-contre-laccord-de-libre-echange-canada-ue-si-les-exigences-de-visa-ne-sont-pas-retirees\/\">Le Premier ministre roumain menace de voter contre l&rsquo;accord commercial entre le Canada et l&rsquo;UE \u00e0 moins que les exigences en mati\u00e8re de visa ne soient lev\u00e9es<\/a><br \/>\n<a href=\"https:\/\/immigration.ca\/fr\/canada-asylum-claims-mexicans-quadruple-2017\/\">Les demandes d&rsquo;asile du Canada en provenance des Mexicains quadruplent en 2017<\/a><\/p>\n<p>Si le nombre de demandes d&rsquo;asile atteint un certain niveau au cours des 12 premiers mois apr\u00e8s la lev\u00e9e de l&rsquo;obligation de visa, il est possible qu&rsquo;il soit r\u00e9impos\u00e9. Les fonctionnaires n&rsquo;ont pas r\u00e9v\u00e9l\u00e9 le nombre qui entra\u00eenera le changement de politique \u00e9tant revisit\u00e9.<\/p>\n<p>Entre temps, il n&rsquo;y a pas eu autant de demandes d&rsquo;asile de la part des Bulgares, qui ont vu leur visa lev\u00e9 en m\u00eame temps que les Roumains.<\/p>\n<p>Les voyageurs des deux pays ont seulement besoin d&rsquo;une <a href=\"https:\/\/immigration.ca\/fr\/electronic-travel-authorization-audio\/\">Autorisation de Voyage \u00c9lectronique<\/a> (AVE) pour voyager au Canada par avion. Pour tous les autres moyens de d\u00e9placement, aucun moyen de pr\u00e9-autorisation n&rsquo;est requis.<\/p>\n<h3>N\u00e9gociation AECG<\/h3>\n<p>Le Canada a accept\u00e9 de lever l&rsquo;obligation de visa pour les Roumains et les Bulgares apr\u00e8s que les repr\u00e9sentants des deux pays ont menac\u00e9 de ne pas signer un accord commercial crucial.<\/p>\n<p>L&rsquo;Accord \u00e9conomique et commercial global entre le Canada et l&rsquo;Union europ\u00e9enne (AECG) est entr\u00e9 en vigueur en septembre, donnant au Canada acc\u00e8s au plus grand march\u00e9 mondial hors des \u00c9tats-Unis, avec 98% des produits canadiens maintenant exempt\u00e9s de droits de douane.<\/p>\n<p>Compte tenu de l&rsquo;incertitude entourant les \u00e9changes commerciaux avec les \u00c9tats-Unis &#8211; le plus important partenaire commercial du Canada &#8211; l&rsquo;accord donnant aux entreprises canadiennes l&rsquo;acc\u00e8s \u00e0 un march\u00e9 de 20 billions de dollars est devenu de la plus haute importance.<\/p>\n<p>L&rsquo;opposition, en particulier de Belgique mais aussi de Roumanie et de Bulgarie, avait menac\u00e9 de faire d\u00e9railler l&rsquo;accord au dernier obstacle.<\/p>\n<p>La question des visas avec la Bulgarie et la Roumanie a commenc\u00e9 lorsque l&rsquo;UE a modifi\u00e9 ses r\u00e8gles en 2014.<\/p>\n<p>En vertu du changement de r\u00e8gle, tous les pays ayant b\u00e9n\u00e9fici\u00e9 d&rsquo;un acc\u00e8s sans visa au bloc de l&rsquo;UE devaient fournir le m\u00eame privil\u00e8ge \u00e0 tous les membres de l&rsquo;UE en retour.<\/p>\n<p>Les pays ont eu deux ans pour fournir l&rsquo;acc\u00e8s, ou risquent de perdre leur acc\u00e8s sans visa.<\/p>\n<h3>Canada r\u00e9ticent<\/h3>\n<p>Le Canada \u00e9tait r\u00e9ticent \u00e0 accorder l&rsquo;acc\u00e8s \u00e0 la Roumanie et \u00e0 la Bulgarie, l&rsquo;ancien ministre de l&rsquo;Immigration, John McCallum, affirmant que ni l&rsquo;un ni l&rsquo;autre ne satisfaisait aux exigences.<\/p>\n<p>Mais lorsque le probl\u00e8me est devenu li\u00e9 \u00e0 l&rsquo;AECG, le Canada n&rsquo;a eu aucune marge de n\u00e9gociation.<\/p>\n<p>Le Canada a lev\u00e9 l&rsquo;obligation de visa pour les Mexicains \u00e0 compter du 1er d\u00e9cembre 2016 et, depuis lors, il semble que le nombre de demandes d&rsquo;asile ait consid\u00e9rablement augment\u00e9.<\/p>\n<p>Le Canada a \u00e9galement d\u00e9clar\u00e9 qu&rsquo;il r\u00e9imposerait l&rsquo;obligation de visa au Mexique s&rsquo;il recevait trop de r\u00e9clamations.<\/p>\n<p><b>Employeurs int\u00e9ress\u00e9s<\/b>: <a href=\"https:\/\/immigration.ca\/fr\/canada-employers\/\">veuillez nous contacter<\/a> pour recevoir de plus amples informations.<\/p>\n<p><b>Candidats int\u00e9ress\u00e9s<\/b>: d\u00e9couvrez si vous \u00eates admissible au Canada en <a href=\"https:\/\/immigration.ca\/fr\/free-immigration-evaluation-forms\/\">remplissant notre \u00e9valuation gratuite en ligne<\/a>. Nous vous fournirons notre \u00e9valuation dans les 1 \u00e0 2 jours ouvrables.<\/p>\n<p>Lisez plus de nouvelles sur l&rsquo;immigration au Canada en <a href=\"https:\/\/immigration.ca\/fr\/articles-de-presse-sur-limmigration-au-canada-2018\/\">cliquant ici<\/a>.<\/p>\n","protected":false},"excerpt":{"rendered":"<p>Le 27 f\u00e9vrier 2018 &#8211; Les demandes d&rsquo;asile des Roumains ont augment\u00e9 depuis la lev\u00e9e de l&rsquo;obligation de visa du Canada pour le pays de l&rsquo;Union europ\u00e9enne, le 1er d\u00e9cembre 2017. Les chiffres montrent que 232 Roumains ont demand\u00e9 l&rsquo;asile depuis que l&rsquo;exigence a \u00e9t\u00e9 lev\u00e9e, comparativement \u00e0 120 r\u00e9clamations dans l&rsquo;ensemble de 2016. La&hellip;<\/p>\n","protected":false},"author":16,"featured_media":0,"comment_status":"closed","ping_status":"closed","sticky":false,"template":"","format":"standard","meta":{"_acf_changed":false,"footnotes":""},"categories":[4859],"tags":[],"class_list":["post-43694","post","type-post","status-publish","format-standard","hentry","category-lactualite-canadienne","category-4859","description-off"],"acf":[],"_links":{"self":[{"href":"https:\/\/immigration.ca\/fr\/wp-json\/wp\/v2\/posts\/43694","targetHints":{"allow":["GET"]}}],"collection":[{"href":"https:\/\/immigration.ca\/fr\/wp-json\/wp\/v2\/posts"}],"about":[{"href":"https:\/\/immigration.ca\/fr\/wp-json\/wp\/v2\/types\/post"}],"author":[{"embeddable":true,"href":"https:\/\/immigration.ca\/fr\/wp-json\/wp\/v2\/users\/16"}],"replies":[{"embeddable":true,"href":"https:\/\/immigration.ca\/fr\/wp-json\/wp\/v2\/comments?post=43694"}],"version-history":[{"count":0,"href":"https:\/\/immigration.ca\/fr\/wp-json\/wp\/v2\/posts\/43694\/revisions"}],"wp:attachment":[{"href":"https:\/\/immigration.ca\/fr\/wp-json\/wp\/v2\/media?parent=43694"}],"wp:term":[{"taxonomy":"category","embeddable":true,"href":"https:\/\/immigration.ca\/fr\/wp-json\/wp\/v2\/categories?post=43694"},{"taxonomy":"post_tag","embeddable":true,"href":"https:\/\/immigration.ca\/fr\/wp-json\/wp\/v2\/tags?post=43694"}],"curies":[{"name":"wp","href":"https:\/\/api.w.org\/{rel}","templated":true}]}}