{"id":41155,"date":"2017-12-16T20:11:17","date_gmt":"2017-12-16T20:11:17","guid":{"rendered":"https:\/\/immigrationca.staging.wpengine.com\/improve-immigrant-integration-face-backlash-canadian-government-told\/"},"modified":"2017-12-25T16:20:31","modified_gmt":"2017-12-25T16:20:31","slug":"improve-immigrant-integration-face-backlash-canadian-government-told","status":"publish","type":"post","link":"https:\/\/immigration.ca\/fr\/improve-immigrant-integration-face-backlash-canadian-government-told\/","title":{"rendered":"Improve Immigrant Integration or Face Backlash, Canadian Government Told"},"content":{"rendered":"<p><img fetchpriority=\"high\" decoding=\"async\" class=\"alignright wp-image-37656 size-medium\" title=\"Improve Immigrant Integration or Face Backlash, Canadian Government Told\" src=\"https:\/\/immigration.ca\/wp-content\/uploads\/2017\/08\/canada-2618859_640-300x200.jpg\" alt=\"Improve Immigrant Integration or Face Backlash, Canadian Government Told\" width=\"300\" height=\"200\" srcset=\"https:\/\/immigration.ca\/wp-content\/uploads\/2017\/08\/canada-2618859_640-300x200.jpg 300w, https:\/\/immigration.ca\/wp-content\/uploads\/2017\/08\/canada-2618859_640-280x187.jpg 280w, https:\/\/immigration.ca\/wp-content\/uploads\/2017\/08\/canada-2618859_640.jpg 640w\" sizes=\"(max-width: 300px) 100vw, 300px\" \/><\/p>\n<p>Le 16 d\u00e9cembre 2017 &#8211; Le gouvernement f\u00e9d\u00e9ral du Canada a \u00e9t\u00e9 averti qu&rsquo;il doit am\u00e9liorer consid\u00e9rablement l&rsquo;int\u00e9gration des immigrants sinon il risque une r\u00e9action violente de la part du public au sujet des plans visant \u00e0 accueillir un million de nouveaux arrivants au cours des trois prochaines ann\u00e9es.<\/p>\n<p>M\u00eame si le Canada a besoin d&rsquo;une plus grande acceptation pour compenser le r\u00e9tr\u00e9cissement du march\u00e9 du travail en raison du vieillissement de la population, l&rsquo;int\u00e9gration rapide de ces nouveaux arrivants constitue un d\u00e9fi important.<\/p>\n<p>Immigration, R\u00e9fugi\u00e9s et Citoyennet\u00e9 Canada le sait, et c&rsquo;est pourquoi il investit une part importante de son budget dans des projets d&rsquo;int\u00e9gration con\u00e7us pour amener les gens \u00e0 occuper des emplois correspondant \u00e0 leurs qualifications internationales.<\/p>\n<p>Les experts disent que les principaux domaines d&rsquo;am\u00e9lioration comprennent harmoniser au niveau local les habilit\u00e9s des nouveaux arrivants aux besoins sur le march\u00e9 du travail. Alors que le gouvernement f\u00e9d\u00e9ral donne aux provinces du Canada le pouvoir de s\u00e9lectionner un certain nombre pr\u00e9\u00e9tabli d&rsquo;immigrants, les experts affirment qu&rsquo;il est n\u00e9cessaire que les gouvernements locaux aient leur mot \u00e0 dire.<\/p>\n<hr \/>\n<p><strong>En Savoir Plus<\/strong><\/p>\n<p><a href=\"https:\/\/immigration.ca\/fr\/canada-immigration-plan-targets-near-1-million-immigrants-3-years\/\">Le plan d&rsquo;immigration du Canada cible pr\u00e8s d&rsquo;un million d&rsquo;immigrants sur trois ans (audio)<\/a><br \/>\n<a href=\"https:\/\/immigration.ca\/fr\/canada-can-integrate-new-immigrants\/\">Le Canada fait-il tout ce qu&rsquo;il peut pour int\u00e9grer les nouveaux immigrants?<\/a><br \/>\n<a href=\"https:\/\/immigration.ca\/fr\/ontario-announces-100m-immigrant-integration-spending-plan\/\">L&rsquo;Ontario annonce un plan de d\u00e9penses d&rsquo;int\u00e9gration des immigrants de 100 millions de dollars<\/a><\/p>\n<hr \/>\n<p>Faire venir plus d&rsquo;immigr\u00e9s avec des emplois align\u00e9s, am\u00e9liorer la reconnaissance des qualifications internationales et permettre \u00e0 plus d&rsquo;\u00e9tudiants internationaux de rester apr\u00e8s l&rsquo;obtention de leur dipl\u00f4me sont autant de moyens d&rsquo;am\u00e9liorer l&rsquo;int\u00e9gration.<\/p>\n<p>Le d\u00e9fi consiste \u00e0 r\u00e9duire le temps que les nouveaux immigrants tirent des syst\u00e8mes de soutien social du Canada. Il existe un lien entre le co\u00fbt initial des immigrants pour la soci\u00e9t\u00e9 et les avantages \u00e9conomiques \u00e9prouv\u00e9s qu&rsquo;ils procurent \u00e0 long terme.<\/p>\n<p>Parall\u00e8lement, l&rsquo;augmentation de l&rsquo;immigration entra\u00eene \u00e9galement une augmentation de la demande de logements, de routes et d&rsquo;installations r\u00e9cr\u00e9atives, faisant grimper le prix des maisons dans les grandes villes comme Toronto, Vancouver et, plus r\u00e9cemment, Montr\u00e9al.<\/p>\n<p>Plut\u00f4t que de rejeter ceux qui veulent voir une diminution du nombre d&rsquo;immigrants comme raciste, le Canada serait mieux plac\u00e9 pour tirer les le\u00e7ons du ressentiment \u00e9prouv\u00e9 aux \u00c9tats-Unis avec l&rsquo;\u00e9lection du pr\u00e9sident Donald Trump et en Europe avec le vote du Brexit et la mont\u00e9e du loin dans ces juridictions.<\/p>\n<p>Les perspectives multiculturelles du Canada, accept\u00e9es de fa\u00e7on unique, aideront \u00e0 neutraliser un mouvement semblable, mais les politiciens feraient bien de faire preuve de prudence dans un pays o\u00f9 plus d&rsquo;un cinqui\u00e8me des habitants sont n\u00e9s ailleurs.<\/p>\n<h3>Plan d&rsquo;immigration<\/h3>\n<p>Ottawa pr\u00e9voit accueillir 980 000 nouveaux immigrants au cours des trois prochaines ann\u00e9es dans le cadre d&rsquo;un ambitieux plan triennal d&rsquo;immigration annonc\u00e9 par le gouvernement f\u00e9d\u00e9ral le 1er novembre 2017. Les niveaux d&rsquo;immigration annuels pourraient atteindre 360 \u200b\u200b000 d&rsquo;ici 2020 dans le cadre du plan pluriannuel. Ce serait la premi\u00e8re fois depuis plus d&rsquo;un si\u00e8cle que le taux d&rsquo;immigration est de 1% de la population.<\/p>\n<p>En 2018, l&rsquo;objectif d&rsquo;immigration s&rsquo;\u00e9l\u00e8vera \u00e0 310 000, par rapport aux 300 000 actuels fix\u00e9s pour 2017. Cet objectif pourrait atteindre jusqu&rsquo;\u00e0 330 000 dans le cadre de la derni\u00e8re annonce. En 2019, l&rsquo;objectif sera de 330 000, avec une limite sup\u00e9rieure de 350 000 nouveaux immigrants. En 2020, le chiffre cible sera de 340 000 et la limite sup\u00e9rieure de 360 \u200b\u200b000.<\/p>\n<p>Les augmentations g\u00e9r\u00e9es sont con\u00e7ues pour permettre \u00e0 la capacit\u00e9 d&rsquo;int\u00e9gration du Canada de cro\u00eetre avec le nombre de nouveaux immigrants accueillis.<\/p>\n<p><strong>Regardez nos vid\u00e9os en direct<\/strong><\/p>\n<ul>\n<li><a href=\"https:\/\/www.youtube.com\/watch?v=0iJwrdo-cBU&amp;t=144s\" rel=\"noopener\">Le Canada accueillera pr\u00e8s d&rsquo;un million d&rsquo;immigrants au cours des trois prochaines ann\u00e9es<\/a><\/li>\n<li><a href=\"https:\/\/www.youtube.com\/watch?v=sCmZuMWV_xQ\" rel=\"noopener\">Niveaux d&rsquo;immigration des programmes provinciaux du Canada pour 2018<\/a><\/li>\n<\/ul>\n<hr \/>\n<h3>Le plan d&rsquo;immigration triennal du Canada<\/h3>\n<table width=\"100%\">\n<tbody>\n<tr>\n<td width=\"20%\"><strong>Cat\u00e9gorie d&rsquo;immigration<\/strong><\/td>\n<td width=\"22%\"><strong>Cat\u00e9gorie<\/strong><\/td>\n<td width=\"17%\"><strong>2018 &#8211; Cible<\/strong><\/td>\n<td width=\"20%\"><strong>2019 &#8211; Cible<\/strong><\/td>\n<td width=\"20%\"><strong>2020 &#8211; Cible<\/strong><\/td>\n<\/tr>\n<tr>\n<td width=\"20%\">\u00c9conomique<\/td>\n<td width=\"22%\">F\u00e9d\u00e9ral qualifi\u00e9<\/td>\n<td width=\"17%\">74,900<\/td>\n<td width=\"20%\">81,400<\/td>\n<td width=\"20%\">85,800<\/td>\n<\/tr>\n<tr>\n<td width=\"20%\">&nbsp;<\/td>\n<td width=\"22%\">Projet pilote du Canada Atlantique<\/td>\n<td width=\"17%\">1,000<\/td>\n<td width=\"20%\">2,000<\/td>\n<td width=\"20%\">4,000<\/td>\n<\/tr>\n<tr>\n<td width=\"20%\">&nbsp;<\/td>\n<td width=\"22%\">Aides familiaux r\u00e9sidents<\/td>\n<td width=\"17%\">17,000<\/td>\n<td width=\"20%\">14,000<\/td>\n<td width=\"20%\">\u00a0\u00a0\u00a0\u00a0\u00a0\u00a0\u00a0\u00a0\u00a0\u00a0\u00a0 5,000<\/td>\n<\/tr>\n<tr>\n<td width=\"20%\">&nbsp;<\/td>\n<td width=\"22%\">F\u00e9d\u00e9ral Affaires<\/td>\n<td width=\"17%\">700<\/td>\n<td width=\"20%\">700<\/td>\n<td width=\"20%\">700<\/td>\n<\/tr>\n<tr>\n<td width=\"20%\">&nbsp;<\/td>\n<td width=\"22%\">Programme des candidats des provinces<\/td>\n<td width=\"17%\">55,000<\/td>\n<td width=\"20%\">61,000<\/td>\n<td width=\"20%\">67,800<\/td>\n<\/tr>\n<tr>\n<td width=\"20%\">&nbsp;<\/td>\n<td width=\"22%\">Travailleurs qualifi\u00e9s et affaires du Qu\u00e9bec<\/td>\n<td width=\"17%\">28,900<\/td>\n<td width=\"20%\">32,500<\/td>\n<td width=\"20%\">32,500<\/td>\n<\/tr>\n<tr>\n<td width=\"20%\">&nbsp;<\/td>\n<td width=\"22%\"><strong>Total \u00e9conomique<\/strong><\/td>\n<td width=\"17%\"><strong>177,500<\/strong><\/td>\n<td width=\"20%\"><strong>191,600<\/strong><\/td>\n<td width=\"20%\"><strong>195,800<\/strong><\/td>\n<\/tr>\n<tr>\n<td width=\"20%\">Famille<\/td>\n<td width=\"22%\">Epoux, partenaires et enfants<\/td>\n<td width=\"17%\">66,000<\/td>\n<td width=\"20%\">68,000<\/td>\n<td width=\"20%\">70,000<\/td>\n<\/tr>\n<tr>\n<td width=\"20%\">&nbsp;<\/td>\n<td width=\"22%\">Parents et grands-parents<\/td>\n<td width=\"17%\">20,000<\/td>\n<td width=\"20%\">20,500<\/td>\n<td width=\"20%\">21,000<\/td>\n<\/tr>\n<tr>\n<td width=\"20%\">&nbsp;<\/td>\n<td width=\"22%\"><strong>Total Famille<\/strong><\/td>\n<td width=\"17%\"><strong>86,000<\/strong><\/td>\n<td width=\"20%\"><strong>88,500<\/strong><\/td>\n<td width=\"20%\"><strong>91,000<\/strong><\/td>\n<\/tr>\n<tr>\n<td width=\"20%\">R\u00e9fugi\u00e9s et personnes prot\u00e9g\u00e9es<\/td>\n<td width=\"22%\">Personnes prot\u00e9g\u00e9es au Canada et personnes \u00e0 charge \u00e0 l&rsquo;\u00e9tranger<\/td>\n<td width=\"17%\">16,000<\/td>\n<td width=\"20%\">16,500<\/td>\n<td width=\"20%\">17,000<\/td>\n<\/tr>\n<tr>\n<td width=\"20%\">&nbsp;<\/td>\n<td width=\"22%\">R\u00e9fugi\u00e9s r\u00e9install\u00e9s-Aide gouvernementale<\/td>\n<td width=\"17%\">7,500<\/td>\n<td width=\"20%\">29,150<\/td>\n<td width=\"20%\">10,000<\/td>\n<\/tr>\n<tr>\n<td width=\"20%\">&nbsp;<\/td>\n<td width=\"22%\">R\u00e9fugi\u00e9s r\u00e9install\u00e9s &#8211; Bureau des visas mixtes<\/td>\n<td width=\"17%\">1,500<\/td>\n<td width=\"20%\">1,650<\/td>\n<td width=\"20%\">\u00a0\u00a0\u00a0\u00a0\u00a0\u00a0\u00a0\u00a0\u00a0\u00a0\u00a0 1,700<\/td>\n<\/tr>\n<tr>\n<td width=\"20%\">&nbsp;<\/td>\n<td width=\"22%\">R\u00e9fugi\u00e9s r\u00e9install\u00e9s &#8211; parrain\u00e9s par le secteur priv\u00e9<\/td>\n<td width=\"17%\">18,000<\/td>\n<td width=\"20%\">19,000<\/td>\n<td width=\"20%\">20,000<\/td>\n<\/tr>\n<tr>\n<td width=\"20%\">&nbsp;<\/td>\n<td width=\"22%\"><strong>Total des r\u00e9fugi\u00e9s et des personnes prot\u00e9g\u00e9es<\/strong><\/td>\n<td width=\"17%\"><strong>43,000<\/strong><\/td>\n<td width=\"20%\"><strong>45,650<\/strong><\/td>\n<td width=\"20%\"><strong>48,700<\/strong><\/td>\n<\/tr>\n<tr>\n<td width=\"20%\">Humanitaire et autre<\/td>\n<td width=\"22%\"><strong>Total humanitaire et autre<\/strong><\/td>\n<td width=\"17%\"><strong>3,500<\/strong><\/td>\n<td width=\"20%\"><strong>4,250<\/strong><\/td>\n<td width=\"20%\"><strong>\u00a0\u00a0\u00a0\u00a0\u00a0\u00a0\u00a0\u00a0\u00a0\u00a0\u00a0 4,500<\/strong><\/td>\n<\/tr>\n<tr>\n<td colspan=\"2\" width=\"42%\"><strong>Total admissions permanentes planifi\u00e9es <\/strong><\/td>\n<td width=\"17%\"><strong>310,000 \u00a0\u00a0\u00a0\u00a0\u00a0\u00a0\u00a0\u00a0\u00a0 <\/strong><\/td>\n<td width=\"20%\"><strong>330,000<\/strong><\/td>\n<td width=\"20%\"><strong>340,000<\/strong><\/td>\n<\/tr>\n<\/tbody>\n<\/table>\n<p>Lorsque le gouvernement lib\u00e9ral est arriv\u00e9 au pouvoir en 2015, les niveaux d&rsquo;immigration annuels \u00e9taient de 260 000 personnes. En 2016, ils ont port\u00e9 le niveau annuel \u00e0 300 000, y compris un afflux de r\u00e9fugi\u00e9s syriens dans le cadre d&rsquo;une promesse \u00e9lectorale. En 2017, le gouvernement a \u00e9tabli \u00e0 300 000 la nouvelle norme pour les chiffres annuels de l&rsquo;immigration, chiffre sur lequel ils comptent maintenant s&rsquo;appuyer au cours des trois prochaines ann\u00e9es.<\/p>\n<h3>Augmentations g\u00e9r\u00e9es<\/h3>\n<p>Bien que certains groupes d&rsquo;int\u00e9r\u00eat aient appel\u00e9 \u00e0 ce que l&rsquo;objectif d&rsquo;immigration atteigne 450 000, le gouvernement a eu raison de garder les hausses g\u00e9rables et cibl\u00e9es.<\/p>\n<p>Le ministre a insist\u00e9 sur la n\u00e9cessit\u00e9 d&rsquo;intensifier les efforts pour int\u00e9grer un plus grand nombre de nouveaux immigrants et a d\u00e9clar\u00e9 qu&rsquo;il \u00e9tait essentiel de veiller \u00e0 ce que l&rsquo;\u00e9conomie canadienne puisse absorber le nombre d&rsquo;immigrants accueillis.<\/p>\n<p>Le Canada se d\u00e9marque parmi tous les pays d&rsquo;accueil qui investissent dans de programmes solides d&rsquo;immigration en consacrant d&rsquo;importantes d\u00e9penses aux services d&rsquo;\u00e9tablissement. Les chiffres sont augment\u00e9s pour atteindre les niveaux de l&rsquo;\u00e8re moderne, ce qui permet \u00e0 la capacit\u00e9 d&rsquo;int\u00e9gration du Canada de cro\u00eetre parall\u00e8lement au nombre de nouveaux immigrants.<\/p>\n<p><strong>Employeurs int\u00e9ress\u00e9s<\/strong>: <a href=\"https:\/\/immigration.ca\/fr\/canada-employers\/\">veuillez nous contacter<\/a> pour recevoir de plus amples informations.<\/p>\n<p><strong>Candidats int\u00e9ress\u00e9s<\/strong>: d\u00e9couvrez si vous \u00eates admissible au Canada en <a href=\"https:\/\/immigration.ca\/fr\/free-immigration-evaluation-forms\/\">remplissant notre \u00e9valuation gratuite en ligne<\/a>. Nous vous fournirons notre \u00e9valuation dans les 1 \u00e0 2 jours ouvrables.<\/p>\n<p>Lisez plus de nouvelles sur l&rsquo;immigration au Canada en <a href=\"https:\/\/immigration.ca\/fr\/canada-immigration-news-articles-2017\/\">cliquant ici<\/a>.<\/p>\n<p>&nbsp;<\/p>\n","protected":false},"excerpt":{"rendered":"<p>Le 16 d\u00e9cembre 2017 &#8211; Le gouvernement f\u00e9d\u00e9ral du Canada a \u00e9t\u00e9 averti qu&rsquo;il doit am\u00e9liorer consid\u00e9rablement l&rsquo;int\u00e9gration des immigrants sinon il risque une r\u00e9action violente de la part du public au sujet des plans visant \u00e0 accueillir un million de nouveaux arrivants au cours des trois prochaines ann\u00e9es. M\u00eame si le Canada a besoin&hellip;<\/p>\n","protected":false},"author":16,"featured_media":0,"comment_status":"closed","ping_status":"closed","sticky":false,"template":"","format":"standard","meta":{"_acf_changed":false,"footnotes":""},"categories":[4859],"tags":[],"class_list":["post-41155","post","type-post","status-publish","format-standard","hentry","category-lactualite-canadienne","category-4859","description-off"],"acf":[],"_links":{"self":[{"href":"https:\/\/immigration.ca\/fr\/wp-json\/wp\/v2\/posts\/41155","targetHints":{"allow":["GET"]}}],"collection":[{"href":"https:\/\/immigration.ca\/fr\/wp-json\/wp\/v2\/posts"}],"about":[{"href":"https:\/\/immigration.ca\/fr\/wp-json\/wp\/v2\/types\/post"}],"author":[{"embeddable":true,"href":"https:\/\/immigration.ca\/fr\/wp-json\/wp\/v2\/users\/16"}],"replies":[{"embeddable":true,"href":"https:\/\/immigration.ca\/fr\/wp-json\/wp\/v2\/comments?post=41155"}],"version-history":[{"count":0,"href":"https:\/\/immigration.ca\/fr\/wp-json\/wp\/v2\/posts\/41155\/revisions"}],"wp:attachment":[{"href":"https:\/\/immigration.ca\/fr\/wp-json\/wp\/v2\/media?parent=41155"}],"wp:term":[{"taxonomy":"category","embeddable":true,"href":"https:\/\/immigration.ca\/fr\/wp-json\/wp\/v2\/categories?post=41155"},{"taxonomy":"post_tag","embeddable":true,"href":"https:\/\/immigration.ca\/fr\/wp-json\/wp\/v2\/tags?post=41155"}],"curies":[{"name":"wp","href":"https:\/\/api.w.org\/{rel}","templated":true}]}}