{"id":39754,"date":"2017-11-01T21:32:46","date_gmt":"2017-11-01T21:32:46","guid":{"rendered":"https:\/\/immigrationca.staging.wpengine.com\/canada-immigration-plan-targets-near-1-million-immigrants-3-years\/"},"modified":"2017-11-07T20:31:07","modified_gmt":"2017-11-07T20:31:07","slug":"canada-immigration-plan-targets-near-1-million-immigrants-3-years","status":"publish","type":"post","link":"https:\/\/immigration.ca\/fr\/canada-immigration-plan-targets-near-1-million-immigrants-3-years\/","title":{"rendered":"Le plan d&rsquo;immigration du Canada pr\u00e9voit presqu\u2019un million d&rsquo;immigrants dans les trois prochaines ann\u00e9es"},"content":{"rendered":"<p><img fetchpriority=\"high\" decoding=\"async\" class=\"alignright wp-image-39751 size-medium\" title=\"Canada Immigration Plan Targets Near 1 Million Immigrants Over 3 Years\" src=\"https:\/\/immigration.ca\/wp-content\/uploads\/2017\/11\/victoria-55234_640-300x225.jpg\" alt=\"Canada Immigration Plan Targets Near 1 Million Immigrants Over 3 Years\" width=\"300\" height=\"225\" srcset=\"https:\/\/immigration.ca\/wp-content\/uploads\/2017\/11\/victoria-55234_640-300x225.jpg 300w, https:\/\/immigration.ca\/wp-content\/uploads\/2017\/11\/victoria-55234_640-249x187.jpg 249w, https:\/\/immigration.ca\/wp-content\/uploads\/2017\/11\/victoria-55234_640.jpg 640w\" sizes=\"(max-width: 300px) 100vw, 300px\" \/><\/p>\n<p>Ottawa pr\u00e9voit accueillir 980 000 nouveaux immigrants au cours des trois prochaines ann\u00e9es dans le cadre d&rsquo;un ambitieux plan triennal d&rsquo;immigration annonc\u00e9 par le gouvernement f\u00e9d\u00e9ral le 1er novembre. Les niveaux d&rsquo;immigration annuels pourraient atteindre 360 \u200b\u200b000 d&rsquo;ici 2020 dans le cadre du plan pluriannuel. Ce serait la premi\u00e8re fois en plus d&rsquo;un si\u00e8cle que notre taux d&rsquo;immigration est de 1% de notre population.<\/p>\n<p>Le ministre de l&rsquo;Immigration, Ahmed Hussen, a qualifi\u00e9 l&rsquo;annonce d\u2019\u00a0\u00bbhistorique\u00a0\u00bb, alors que le gouvernement expose son plan pour les trois prochaines ann\u00e9es, avec des augmentations g\u00e9r\u00e9es dans toutes les cat\u00e9gories.<\/p>\n<p>En 2018, l&rsquo;objectif d&rsquo;immigration s&rsquo;\u00e9l\u00e8vera \u00e0 310 000, par rapport aux 300 000 actuels fix\u00e9s pour 2017. Cet objectif pourrait atteindre jusqu&rsquo;\u00e0 330 000 dans le cadre de la derni\u00e8re annonce. En 2019, l&rsquo;objectif sera de 330 000, avec une limite sup\u00e9rieure de 350 000 nouveaux immigrants. En 2020, le chiffre cible sera de 340 000 et la limite sup\u00e9rieure de 360 \u200b\u200b000.<\/p>\n<p>Le dernier plan fera grimper les chiffres de l&rsquo;immigration \u00e0 des niveaux historiques, alors que le gouvernement pousse le nombre annuel de nouveaux arrivants vers 1% de la population du Canada, une cible utilis\u00e9e pour la premi\u00e8re fois par les lib\u00e9raux au d\u00e9but des ann\u00e9es 1990. Les niveaux actuels de 300 000 correspondent \u00e0 un taux d&rsquo;immigration proche de 0,82%.<\/p>\n<p>Les augmentations g\u00e9r\u00e9es sont con\u00e7ues pour permettre \u00e0 la capacit\u00e9 d&rsquo;int\u00e9gration du Canada de cro\u00eetre avec le nombre de nouveaux immigrants accueillis.<\/p>\n<h3>Les cibles du plan d&rsquo;immigration du Canada<\/h3>\n<table cellspacing=\"0\" cellpadding=\"0\">\n<tbody>\n<tr>\n<td valign=\"top\"><b>Cat\u00e9gorie immigration<\/b><\/td>\n<td valign=\"top\"><b>Cat\u00e9gorie<\/b><\/td>\n<td valign=\"top\"><b>Cibles 2018<\/b><\/td>\n<td valign=\"top\"><b>Cibles 2019<\/b><\/td>\n<td valign=\"top\"><b>Cibles 2020<\/b><\/td>\n<\/tr>\n<tr>\n<td valign=\"top\">\u00c9conomique<\/td>\n<td valign=\"top\">F\u00e9d\u00e9ral \u00c9conomique<\/td>\n<td valign=\"top\">74.900<\/td>\n<td valign=\"top\">81.400<\/td>\n<td valign=\"top\">85.500<\/td>\n<\/tr>\n<tr>\n<td valign=\"top\"><\/td>\n<td valign=\"top\">Programme pilote du Canada Atlantique<\/td>\n<td valign=\"top\">1000<\/td>\n<td valign=\"top\">2000<\/td>\n<td valign=\"top\">4000<\/td>\n<\/tr>\n<tr>\n<td valign=\"top\"><\/td>\n<td valign=\"top\">F\u00e9d\u00e9ral Soignants<\/td>\n<td valign=\"top\">17.000<\/td>\n<td valign=\"top\">14.000<\/td>\n<td valign=\"top\">5.000<\/td>\n<\/tr>\n<tr>\n<td valign=\"top\"><\/td>\n<td valign=\"top\">F\u00e9d\u00e9ral Affaires<\/td>\n<td valign=\"top\">700<\/td>\n<td valign=\"top\">700<\/td>\n<td valign=\"top\">700<\/td>\n<\/tr>\n<tr>\n<td valign=\"top\"><\/td>\n<td valign=\"top\">Programmes de candidats des provinces<\/td>\n<td valign=\"top\">55.000<\/td>\n<td valign=\"top\">61.000<\/td>\n<td valign=\"top\">67.800<\/td>\n<\/tr>\n<tr>\n<td valign=\"top\"><\/td>\n<td valign=\"top\">Travailleurs qualifi\u00e9s et candidats d\u2019affaires du Qu\u00e9bec<\/td>\n<td valign=\"top\">28.900<\/td>\n<td valign=\"top\">32.500<\/td>\n<td valign=\"top\">32.500<\/td>\n<\/tr>\n<tr>\n<td valign=\"top\"><\/td>\n<td valign=\"top\"><b>Total \u00e9conomique<\/b><\/td>\n<td valign=\"top\"><b>177.500<\/b><\/td>\n<td valign=\"top\"><b>191.600<\/b><\/td>\n<td valign=\"top\"><b>195.800<\/b><\/td>\n<\/tr>\n<tr>\n<td valign=\"top\"><b>Famille<\/b><\/td>\n<td valign=\"top\">Conjoints, partenaires et enfants<\/td>\n<td valign=\"top\">66.000<\/td>\n<td valign=\"top\">68.000<\/td>\n<td valign=\"top\">70.000<\/td>\n<\/tr>\n<tr>\n<td valign=\"top\"><\/td>\n<td valign=\"top\">Parents et grands-parents<\/td>\n<td valign=\"top\">20.000<\/td>\n<td valign=\"top\">20.500<\/td>\n<td valign=\"top\">21.000<\/td>\n<\/tr>\n<tr>\n<td valign=\"top\"><\/td>\n<td valign=\"top\"><b>Total famille<\/b><\/td>\n<td valign=\"top\"><b>86.000<\/b><\/td>\n<td valign=\"top\"><b>88.500<\/b><\/td>\n<td valign=\"top\"><b>91.000<\/b><\/td>\n<\/tr>\n<tr>\n<td valign=\"top\">R\u00e9fugi\u00e9s et personnes prot\u00e9g\u00e9es<\/td>\n<td valign=\"top\">Personnes prot\u00e9g\u00e9es au Canada et personnes \u00e0 charge \u00e0 l&rsquo;\u00e9tranger<\/td>\n<td valign=\"top\">16.000<\/td>\n<td valign=\"top\">16.500<\/td>\n<td valign=\"top\">17.000<\/td>\n<\/tr>\n<tr>\n<td valign=\"top\"><\/td>\n<td valign=\"top\">R\u00e9fugi\u00e9s r\u00e9install\u00e9s assist\u00e9s par le gouvernement<\/td>\n<td valign=\"top\">7.500<\/td>\n<td valign=\"top\">29.150<\/td>\n<td valign=\"top\">10.000<\/td>\n<\/tr>\n<tr>\n<td valign=\"top\"><\/td>\n<td valign=\"top\">Bureau mixte des visas &#8211; R\u00e9f\u00e9r\u00e9<\/td>\n<td valign=\"top\">1.500<\/td>\n<td valign=\"top\">1.650<\/td>\n<td valign=\"top\">1.700<\/td>\n<\/tr>\n<tr>\n<td valign=\"top\"><\/td>\n<td valign=\"top\">\u00a0Parrains priv\u00e9s<\/td>\n<td valign=\"top\">18.000<\/td>\n<td valign=\"top\">19.000<\/td>\n<td valign=\"top\">20.000<\/td>\n<\/tr>\n<tr>\n<td valign=\"top\"><\/td>\n<td valign=\"top\"><b>Personnes prot\u00e9g\u00e9es et r\u00e9fugi\u00e9s Total<\/b><\/td>\n<td valign=\"top\"><b>43.000<\/b><\/td>\n<td valign=\"top\"><b>45.650<\/b><\/td>\n<td valign=\"top\"><b>48.700<\/b><\/td>\n<\/tr>\n<tr>\n<td valign=\"top\">Humanitaire et autre<\/td>\n<td valign=\"top\"><b>Humanitaire et autre<\/b><\/td>\n<td valign=\"top\"><b>3.500<\/b><\/td>\n<td valign=\"top\"><b>4.250<\/b><\/td>\n<td valign=\"top\"><b>4.500<\/b><\/td>\n<\/tr>\n<tr>\n<td valign=\"top\">GLOBAL<\/td>\n<td valign=\"top\"><\/td>\n<td valign=\"top\"><b>310.000<\/b><\/td>\n<td valign=\"top\"><b>330.000<\/b><\/td>\n<td valign=\"top\"><b>340.000<\/b><\/td>\n<\/tr>\n<\/tbody>\n<\/table>\n<h3>Les cibles du plan d&rsquo;immigration du Canada: limites hautes<\/h3>\n<table cellspacing=\"0\" cellpadding=\"0\">\n<tbody>\n<tr>\n<td valign=\"top\"><b>Cat\u00e9gorie immigration<\/b><\/td>\n<td valign=\"top\"><b>Cat\u00e9gorie<\/b><\/td>\n<td valign=\"top\"><b>2018<\/b><\/td>\n<td valign=\"top\"><b>2019<\/b><\/td>\n<td valign=\"top\"><b>\u00a02020<\/b><\/td>\n<\/tr>\n<tr>\n<td valign=\"top\">\u00c9conomique<\/td>\n<td valign=\"top\">F\u00e9d\u00e9ral \u00c9conomique<\/td>\n<td valign=\"top\">78.200<\/td>\n<td valign=\"top\">83.000<\/td>\n<td valign=\"top\">88.000<\/td>\n<\/tr>\n<tr>\n<td valign=\"top\"><\/td>\n<td valign=\"top\">Programme pilote du Canada Atlantique<\/td>\n<td valign=\"top\">2000<\/td>\n<td valign=\"top\">4000<\/td>\n<td valign=\"top\">4000<\/td>\n<\/tr>\n<tr>\n<td valign=\"top\"><\/td>\n<td valign=\"top\">F\u00e9d\u00e9ral Soignants<\/td>\n<td valign=\"top\">20.000<\/td>\n<td valign=\"top\">15.500<\/td>\n<td valign=\"top\">7.000<\/td>\n<\/tr>\n<tr>\n<td valign=\"top\"><\/td>\n<td valign=\"top\">F\u00e9d\u00e9ral Affaires<\/td>\n<td valign=\"top\">1000<\/td>\n<td valign=\"top\">1500<\/td>\n<td valign=\"top\">1500<\/td>\n<\/tr>\n<tr>\n<td valign=\"top\"><\/td>\n<td valign=\"top\">Programmes de candidats des provinces<\/td>\n<td valign=\"top\">57.400<\/td>\n<td valign=\"top\">63.500<\/td>\n<td valign=\"top\">68.500<\/td>\n<\/tr>\n<tr>\n<td valign=\"top\"><\/td>\n<td valign=\"top\">Travailleurs qualifi\u00e9s et candidats d\u2019affaires du Qu\u00e9bec<\/td>\n<td valign=\"top\">29.900<\/td>\n<td valign=\"top\">33.500<\/td>\n<td valign=\"top\">33.500<\/td>\n<\/tr>\n<tr>\n<td valign=\"top\"><\/td>\n<td valign=\"top\"><b>Total \u00e9conomique<\/b><\/td>\n<td valign=\"top\"><b>188.500<\/b><\/td>\n<td valign=\"top\"><b>201.000<\/b><\/td>\n<td valign=\"top\"><b>202.500<\/b><\/td>\n<\/tr>\n<tr>\n<td valign=\"top\"><b>Famille<\/b><\/td>\n<td valign=\"top\">Conjoints, partenaires et enfants<\/td>\n<td valign=\"top\">68.000<\/td>\n<td valign=\"top\">70.000<\/td>\n<td valign=\"top\">74.000<\/td>\n<\/tr>\n<tr>\n<td valign=\"top\"><\/td>\n<td valign=\"top\">Parents et grands-parents<\/td>\n<td valign=\"top\">21.000<\/td>\n<td valign=\"top\">21.000<\/td>\n<td valign=\"top\">22.000<\/td>\n<\/tr>\n<tr>\n<td valign=\"top\"><\/td>\n<td valign=\"top\"><b>Total famille<\/b><\/td>\n<td valign=\"top\"><b>89.000<\/b><\/td>\n<td valign=\"top\"><b>91.000<\/b><\/td>\n<td valign=\"top\"><b>96.000<\/b><\/td>\n<\/tr>\n<tr>\n<td valign=\"top\">R\u00e9fugi\u00e9s et personnes prot\u00e9g\u00e9es<\/td>\n<td valign=\"top\">Personnes prot\u00e9g\u00e9es au Canada et personnes \u00e0 charge \u00e0 l&rsquo;\u00e9tranger<\/td>\n<td valign=\"top\">17000<\/td>\n<td valign=\"top\">20.000<\/td>\n<td valign=\"top\">20.000<\/td>\n<\/tr>\n<tr>\n<td valign=\"top\"><\/td>\n<td valign=\"top\">R\u00e9fugi\u00e9s r\u00e9install\u00e9s assist\u00e9s par le gouvernement<\/td>\n<td valign=\"top\">8.000<\/td>\n<td valign=\"top\">9.000<\/td>\n<td valign=\"top\">10.500<\/td>\n<\/tr>\n<tr>\n<td valign=\"top\"><\/td>\n<td valign=\"top\">Bureau mixte des visas &#8211; R\u00e9f\u00e9r\u00e9<\/td>\n<td valign=\"top\">3000<\/td>\n<td valign=\"top\">3000<\/td>\n<td valign=\"top\">3000<\/td>\n<\/tr>\n<tr>\n<td valign=\"top\"><\/td>\n<td valign=\"top\">\u00a0Parrains priv\u00e9s<\/td>\n<td valign=\"top\">20.000<\/td>\n<td valign=\"top\">21.000<\/td>\n<td valign=\"top\">23.000<\/td>\n<\/tr>\n<tr>\n<td valign=\"top\"><\/td>\n<td valign=\"top\"><b>Personnes prot\u00e9g\u00e9es et r\u00e9fugi\u00e9s Total<\/b><\/td>\n<td valign=\"top\"><b>48.000<\/b><\/td>\n<td valign=\"top\"><b>53.000<\/b><\/td>\n<td valign=\"top\"><b>56.500<\/b><\/td>\n<\/tr>\n<tr>\n<td valign=\"top\">Humanitaire et autre<\/td>\n<td valign=\"top\"><b>Humanitaire et autre<\/b><\/td>\n<td valign=\"top\"><b>4.500<\/b><\/td>\n<td valign=\"top\"><b>5.000<\/b><\/td>\n<td valign=\"top\"><b>5.000<\/b><\/td>\n<\/tr>\n<tr>\n<td valign=\"top\">GLOBAL<\/td>\n<td valign=\"top\"><\/td>\n<td valign=\"top\"><b>330.000<\/b><\/td>\n<td valign=\"top\"><b>350.000<\/b><\/td>\n<td valign=\"top\"><b>360.000<\/b><\/td>\n<\/tr>\n<\/tbody>\n<\/table>\n<h3>Les cibles du plan d&rsquo;immigration du Canada: limites basses<\/h3>\n<table cellspacing=\"0\" cellpadding=\"0\">\n<tbody>\n<tr>\n<td valign=\"top\"><b>Cat\u00e9gorie immigration<\/b><\/td>\n<td valign=\"top\"><b>Cat\u00e9gorie<\/b><\/td>\n<td valign=\"top\"><b>\u00a02018<\/b><\/td>\n<td valign=\"top\"><b>2019<\/b><\/td>\n<td valign=\"top\"><b>\u00a02020<\/b><\/td>\n<\/tr>\n<tr>\n<td valign=\"top\">\u00c9conomique<\/td>\n<td valign=\"top\">F\u00e9d\u00e9ral \u00c9conomique<\/td>\n<td valign=\"top\">72.700<\/td>\n<td valign=\"top\">76.000<\/td>\n<td valign=\"top\">81.000<\/td>\n<\/tr>\n<tr>\n<td valign=\"top\"><\/td>\n<td valign=\"top\">Programme pilote du Canada Atlantique<\/td>\n<td valign=\"top\">500<\/td>\n<td valign=\"top\">1000<\/td>\n<td valign=\"top\">2000<\/td>\n<\/tr>\n<tr>\n<td valign=\"top\"><\/td>\n<td valign=\"top\">F\u00e9d\u00e9ral Soignants<\/td>\n<td valign=\"top\">15.000<\/td>\n<td valign=\"top\">9.500<\/td>\n<td valign=\"top\">4.000<\/td>\n<\/tr>\n<tr>\n<td valign=\"top\"><\/td>\n<td valign=\"top\">F\u00e9d\u00e9ral Affaires<\/td>\n<td valign=\"top\">500<\/td>\n<td valign=\"top\">500<\/td>\n<td valign=\"top\">500<\/td>\n<\/tr>\n<tr>\n<td valign=\"top\"><\/td>\n<td valign=\"top\">Programmes de candidats des provinces<\/td>\n<td valign=\"top\">53.000<\/td>\n<td valign=\"top\">57.000<\/td>\n<td valign=\"top\">61.000<\/td>\n<\/tr>\n<tr>\n<td valign=\"top\"><\/td>\n<td valign=\"top\">Travailleurs qualifi\u00e9s et candidats d\u2019affaires du Qu\u00e9bec<\/td>\n<td valign=\"top\">27.900<\/td>\n<td valign=\"top\">31.500<\/td>\n<td valign=\"top\">31.500<\/td>\n<\/tr>\n<tr>\n<td valign=\"top\"><\/td>\n<td valign=\"top\"><b>Total \u00e9conomique<\/b><\/td>\n<td valign=\"top\"><b>169.600<\/b><\/td>\n<td valign=\"top\"><b>175.500<\/b><\/td>\n<td valign=\"top\"><b>81.000<\/b><\/td>\n<\/tr>\n<tr>\n<td valign=\"top\"><b>Famille<\/b><\/td>\n<td valign=\"top\">Conjoints, partenaires et enfants<\/td>\n<td valign=\"top\">64.000<\/td>\n<td valign=\"top\">64.000<\/td>\n<td valign=\"top\">64.000<\/td>\n<\/tr>\n<tr>\n<td valign=\"top\"><\/td>\n<td valign=\"top\">Parents et grands-parents<\/td>\n<td valign=\"top\">17.000<\/td>\n<td valign=\"top\">18.000<\/td>\n<td valign=\"top\">18.000<\/td>\n<\/tr>\n<tr>\n<td valign=\"top\"><\/td>\n<td valign=\"top\"><b>Total famille<\/b><\/td>\n<td valign=\"top\"><b>81.000<\/b><\/td>\n<td valign=\"top\"><b>82.000<\/b><\/td>\n<td valign=\"top\"><b>82.000<\/b><\/td>\n<\/tr>\n<tr>\n<td valign=\"top\">R\u00e9fugi\u00e9s et personnes prot\u00e9g\u00e9es<\/td>\n<td valign=\"top\">Personnes prot\u00e9g\u00e9es au Canada et personnes \u00e0 charge \u00e0 l&rsquo;\u00e9tranger<\/td>\n<td valign=\"top\">13.500<\/td>\n<td valign=\"top\">14.000<\/td>\n<td valign=\"top\">16.000<\/td>\n<\/tr>\n<tr>\n<td valign=\"top\"><\/td>\n<td valign=\"top\">R\u00e9fugi\u00e9s r\u00e9install\u00e9s assist\u00e9s par le gouvernement<\/td>\n<td valign=\"top\">6.000<\/td>\n<td valign=\"top\">7.000<\/td>\n<td valign=\"top\">8.500<\/td>\n<\/tr>\n<tr>\n<td valign=\"top\"><\/td>\n<td valign=\"top\">Bureau mixte des visas &#8211; R\u00e9f\u00e9r\u00e9<\/td>\n<td valign=\"top\">1.000<\/td>\n<td valign=\"top\">1.000<\/td>\n<td valign=\"top\">1.000<\/td>\n<\/tr>\n<tr>\n<td valign=\"top\"><\/td>\n<td valign=\"top\">\u00a0Parrains priv\u00e9s<\/td>\n<td valign=\"top\">16.000<\/td>\n<td valign=\"top\">17.000<\/td>\n<td valign=\"top\">18.000<\/td>\n<\/tr>\n<tr>\n<td valign=\"top\"><\/td>\n<td valign=\"top\"><b>Personnes prot\u00e9g\u00e9es et r\u00e9fugi\u00e9s Total<\/b><\/td>\n<td valign=\"top\"><b>36.500<\/b><\/td>\n<td valign=\"top\"><b>39.000<\/b><\/td>\n<td valign=\"top\"><b>43.500<\/b><\/td>\n<\/tr>\n<tr>\n<td valign=\"top\">Humanitaire et autre<\/td>\n<td valign=\"top\"><b>Humanitaire et autre<\/b><\/td>\n<td valign=\"top\"><b>2.900<\/b><\/td>\n<td valign=\"top\"><b>3.500<\/b><\/td>\n<td valign=\"top\"><b>3.500<\/b><\/td>\n<\/tr>\n<tr>\n<td valign=\"top\">GLOBAL<\/td>\n<td valign=\"top\"><\/td>\n<td valign=\"top\"><b>290.000<\/b><\/td>\n<td valign=\"top\"><b>300.000<\/b><\/td>\n<td valign=\"top\"><b>310.000<\/b><\/td>\n<\/tr>\n<\/tbody>\n<\/table>\n<p>Lorsque le gouvernement lib\u00e9ral est arriv\u00e9 au pouvoir en 2015, les niveaux d&rsquo;immigration annuels \u00e9taient d\u2019environ 260 000 personnes. En 2016, ils ont port\u00e9 le niveau annuel \u00e0 300 000, y compris un afflux de r\u00e9fugi\u00e9s syriens dans le cadre d&rsquo;une promesse \u00e9lectorale. En 2017, le gouvernement a \u00e9tabli \u00e0 300 000 la nouvelle norme pour les chiffres annuels de l&rsquo;immigration, chiffre sur lequel ils comptent maintenant s&rsquo;appuyer au cours des trois prochaines ann\u00e9es.<\/p>\n<p>Le plan du Canada d&rsquo;accueillir 980 000 nouveaux immigrants au cours des trois prochaines ann\u00e9es est r\u00e9volutionnaire. Ce faisant, \u00e0 la fin de son premier mandat, les lib\u00e9raux se forgeront la premi\u00e8re place dans la modernit\u00e9 pour atteindre un niveau d&rsquo;immigration annuel de pr\u00e8s de 350 000 personnes, soit 1% de la population.<\/p>\n<h3>Le gagnant: immigration \u00e9conomique<\/h3>\n<p>Les immigrants \u00e9conomiques constitueront la grande majorit\u00e9 des nouveaux arrivants selon le plan du gouvernement. Ceci comprend les immigrants hautement qualifi\u00e9s du gouvernement f\u00e9d\u00e9ral accept\u00e9s en vertu de la cat\u00e9gorie des travailleurs qualifi\u00e9s (f\u00e9d\u00e9ral), des m\u00e9tiers sp\u00e9cialis\u00e9s et de l&rsquo;exp\u00e9rience canadienne.<\/p>\n<p>Les autres cat\u00e9gories comprennent le programme pilote de l&rsquo;immigration atlantique, les soignants, la cat\u00e9gorie f\u00e9d\u00e9rale d\u2019affaires, les candidats des provinces et les travailleurs qualifi\u00e9s du Qu\u00e9bec et les classes d\u2019affaires.<\/p>\n<p>Le plan gouvernemental pr\u00e9voit l&rsquo;arriv\u00e9e de 177 500 nouveaux immigrants en 2018, avec une limite maximale de 188 500. En 2019, la cible atteindra 191 500, mais les chiffres pourraient atteindre 201 000. L&rsquo;objectif du gouvernement pour 2020 est 195 800 nouveaux immigrants \u00e9conomiques, avec une limite sup\u00e9rieure de 202 500.<\/p>\n<p>\u00c9tant donn\u00e9 que l&rsquo;objectif global \u00e9tait de 260 000 en 2015, l&rsquo;importance de l&rsquo;augmentation propos\u00e9e est \u00e9vidente.<\/p>\n<h3>Immigration familiale<\/h3>\n<p>Les lib\u00e9raux ont promis d&rsquo;accro\u00eetre le regroupement familial gr\u00e2ce \u00e0 l&rsquo;immigration, et le nouveau plan d&rsquo;immigration pourrait permettre d&rsquo;accueillir jusqu&rsquo;\u00e0 96 000 conjoints, partenaires, enfants, parents et grands-parents d&rsquo;ici 2020.<\/p>\n<p>L&rsquo;objectif pour 2018 est de 86 000, avec une limite sup\u00e9rieure de 89 000. En 2019, le gouvernement pr\u00e9voit accueillir 88 500 immigrants de la cat\u00e9gorie du regroupement familial, avec une limite maximale de 91 000. En 2020, entre-temps, la cible atteindra 91 000 et la limite sup\u00e9rieure, 96 000. \u00c0 des fins de comparaison, l&rsquo;objectif dans la cat\u00e9gorie de la famille \u00e9tait de 60 000 en 2015.<\/p>\n<h3>Immigration des r\u00e9fugi\u00e9s<\/h3>\n<p>Le Canada est fier d&rsquo;aider ceux qui en ont le plus besoin, comme il l&rsquo;a fait r\u00e9cemment avec les Syriens touch\u00e9s par la guerre civile dans leur pays et les Y\u00e9zidis d&rsquo;Irak qui ont \u00e9t\u00e9 pers\u00e9cut\u00e9s par des extr\u00e9mistes.<\/p>\n<p>Le nouveau plan d&rsquo;immigration pr\u00e9voit la possibilit\u00e9 d&rsquo;accueillir 56 500 r\u00e9fugi\u00e9s de toutes les cat\u00e9gories d&rsquo;ici 2020, ce qui comprend 23 000 r\u00e9fugi\u00e9s parrain\u00e9s par le secteur priv\u00e9, dans le cadre d&rsquo;un programme que le Canada a export\u00e9 partout dans le monde.<\/p>\n<p>L&rsquo;objectif des r\u00e9fugi\u00e9s pour 2018 est de 43 000, avec une limite sup\u00e9rieure de 48 000. En 2019, il est pr\u00e9vu d&rsquo;accueillir 45 650 nouveaux r\u00e9fugi\u00e9s, avec un objectif sup\u00e9rieur de 53 000. En 2020, le nombre cible s&rsquo;\u00e9l\u00e8ve \u00e0 48 700, avec une limite sup\u00e9rieure de 56 500.<\/p>\n<p><b>Augmentations g\u00e9r\u00e9es<\/b><\/p>\n<p>Bien que certains groupes d&rsquo;int\u00e9r\u00eat aient appel\u00e9 \u00e0 ce que l&rsquo;objectif d&rsquo;immigration atteigne 450 000, le gouvernement a eu raison de garder les hausses g\u00e9rables et cibl\u00e9es.<\/p>\n<p>Le ministre a insist\u00e9 sur la n\u00e9cessit\u00e9 d&rsquo;intensifier les efforts pour int\u00e9grer un plus grand nombre de nouveaux immigrants et a d\u00e9clar\u00e9 qu&rsquo;il \u00e9tait essentiel de veiller \u00e0 ce que l&rsquo;\u00e9conomie canadienne puisse absorber le nombre d&rsquo;immigrants accueillis.<\/p>\n<p>Le Canada se d\u00e9marque parmi tous les pays d&rsquo;accueil qui investissent dans de solides programmes d&rsquo;immigration en consacrant d&rsquo;importantes d\u00e9penses aux services d&rsquo;\u00e9tablissement. Les chiffres sont augment\u00e9s pour atteindre les niveaux de l&rsquo;\u00e8re moderne, ce qui permet \u00e0 la capacit\u00e9 d&rsquo;int\u00e9gration du Canada de cro\u00eetre parall\u00e8lement au nombre de nouveaux immigrants.<\/p>\n<h3>Croissance \u00e0 long terme aliment\u00e9e par l&rsquo;augmentation du nombre de r\u00e9sidents temporaires<\/h3>\n<p>Les derni\u00e8res initiatives strat\u00e9giques sont dans une large mesure appuy\u00e9es par le nombre croissant de r\u00e9sidents temporaires r\u00e9sidant actuellement au Canada. Pr\u00e8s de 1 million de personnes r\u00e9sident temporairement au Canada en vertu d&rsquo;un visa d&rsquo;\u00e9tudes ou de travail. Ce bassin repr\u00e9sente un nombre croissant d&rsquo;immigrants potentiels qui ont les liens les plus \u00e9troits avec le Canada et qui, \u00e0 leur tour, ont les meilleures chances de s&rsquo;int\u00e9grer avec succ\u00e8s. Cela augmente la probabilit\u00e9 de r\u00e9sultats \u00e9conomiques positifs d\u00e9coulant des politiques d&rsquo;immigration planifi\u00e9es du Canada.<\/p>\n<p>L&rsquo;annonce des niveaux annuels projet\u00e9s n&rsquo;est pas sans d\u00e9ception. Le plus remarquable est la faiblesse des projections pour les immigrants d&rsquo;affaires. Le gouvernement actuel semble n&rsquo;avoir aucune envie d&rsquo;am\u00e9liorer les volets d&rsquo;immigration d\u2019affaire f\u00e9d\u00e9rale. Le programme des Immigrants investisseurs du Qu\u00e9bec, qui demeure le principal moteur d&rsquo;immigration des gens d&rsquo;affaires au Canada, les programmes d&rsquo;entrepreneurs provinciaux et les programmes f\u00e9d\u00e9raux, y compris le programme de visa de d\u00e9marrage, sont les principaux moyens existants au Canada pour les investisseurs commerciaux. Ce dernier programme continue d&rsquo;\u00eatre d&rsquo;un faible int\u00e9r\u00eat.<\/p>\n<p>Une autre d\u00e9ception, bien que non inattendue, est la baisse abrupte du nombre de soignants qui recevront la r\u00e9sidence permanente. Le programme, qui donnait auparavant une voie conditionnelle \u00e0 la r\u00e9sidence permanente pour les aidants naturels, a \u00e9t\u00e9 aboli en 2015. L&rsquo;important inventaire de demandeurs en attente d&rsquo;ach\u00e8vement de leur demande diminue graduellement. Ceci explique la baisse des niveaux annuels dans le cadre du plan triennal. Il est clair que les soignants ne sont plus une priorit\u00e9 pour les lib\u00e9raux comme ils l&rsquo;\u00e9taient sous le gouvernement conservateur pr\u00e9c\u00e9dent.<\/p>\n<h3>Comparaison cibles d&rsquo;immigration 2016 et 2017<\/h3>\n<table cellspacing=\"0\" cellpadding=\"0\">\n<tbody>\n<tr>\n<td valign=\"top\"><b>Cat\u00e9gorie immigration<\/b><\/td>\n<td valign=\"top\"><b>Cat\u00e9gorie<\/b><\/td>\n<td valign=\"top\"><b>Cibles 2016<\/b><\/td>\n<td valign=\"top\"><b>Cibles 2017<\/b><\/td>\n<\/tr>\n<tr>\n<td valign=\"top\">\u00c9conomique<\/td>\n<td valign=\"top\">F\u00e9d\u00e9ral \u00c9conomique<\/td>\n<td valign=\"top\">58.400<\/td>\n<td valign=\"top\">73.700<\/td>\n<\/tr>\n<tr>\n<td valign=\"top\"><\/td>\n<td valign=\"top\">F\u00e9d\u00e9ral Soignants<\/td>\n<td valign=\"top\">26.200<\/td>\n<td valign=\"top\">29.300<\/td>\n<\/tr>\n<tr>\n<td valign=\"top\"><\/td>\n<td valign=\"top\">F\u00e9d\u00e9ral Affaires<\/td>\n<td valign=\"top\">800<\/td>\n<td valign=\"top\">500<\/td>\n<\/tr>\n<tr>\n<td valign=\"top\"><\/td>\n<td valign=\"top\">Programmes de candidats des provinces<\/td>\n<td valign=\"top\">47.800<\/td>\n<td valign=\"top\">51.000<\/td>\n<\/tr>\n<tr>\n<td valign=\"top\"><\/td>\n<td valign=\"top\">Travailleurs qualifi\u00e9s et candidats d\u2019affaires du Qu\u00e9bec<\/td>\n<td valign=\"top\">26.200<\/td>\n<td valign=\"top\">29.300<\/td>\n<\/tr>\n<tr>\n<td valign=\"top\"><\/td>\n<td valign=\"top\"><b>Total \u00e9conomique<\/b><\/td>\n<td valign=\"top\"><b>160 400<\/b><\/td>\n<td valign=\"top\"><b>172.500<\/b><\/td>\n<\/tr>\n<tr>\n<td valign=\"top\"><b>Famille<\/b><\/td>\n<td valign=\"top\">Conjoints, partenaires et enfants<\/td>\n<td valign=\"top\">60.000<\/td>\n<td valign=\"top\">64.000<\/td>\n<\/tr>\n<tr>\n<td valign=\"top\"><\/td>\n<td valign=\"top\">Parents et grands-parents<\/td>\n<td valign=\"top\">20.000<\/td>\n<td valign=\"top\">20.000<\/td>\n<\/tr>\n<tr>\n<td valign=\"top\"><\/td>\n<td valign=\"top\"><b>Total famille<\/b><\/td>\n<td valign=\"top\"><b>80.000<\/b><\/td>\n<td valign=\"top\"><b>84.000<\/b><\/td>\n<\/tr>\n<tr>\n<td valign=\"top\">R\u00e9fugi\u00e9s et personnes prot\u00e9g\u00e9es<\/td>\n<td valign=\"top\">Personnes prot\u00e9g\u00e9es au Canada et personnes \u00e0 charge \u00e0 l&rsquo;\u00e9tranger<\/td>\n<td valign=\"top\">10.000<\/td>\n<td valign=\"top\">15.000<\/td>\n<\/tr>\n<tr>\n<td valign=\"top\"><\/td>\n<td valign=\"top\">R\u00e9fugi\u00e9s r\u00e9install\u00e9s<\/td>\n<td valign=\"top\">44.800<\/td>\n<td valign=\"top\">25.000<\/td>\n<\/tr>\n<tr>\n<td valign=\"top\"><\/td>\n<td valign=\"top\">Bureau mixte des visas &#8211; R\u00e9f\u00e9r\u00e9<\/td>\n<td valign=\"top\">2.400<\/td>\n<td valign=\"top\">1.500<\/td>\n<\/tr>\n<tr>\n<td valign=\"top\"><\/td>\n<td valign=\"top\">\u00a0Parrains priv\u00e9s<\/td>\n<td valign=\"top\">17.800<\/td>\n<td valign=\"top\">16.000<\/td>\n<\/tr>\n<tr>\n<td valign=\"top\"><\/td>\n<td valign=\"top\"><b>Personnes prot\u00e9g\u00e9es et r\u00e9fugi\u00e9s Total<\/b><\/td>\n<td valign=\"top\"><b>55.800<\/b><\/td>\n<td valign=\"top\"><b>40.000<\/b><\/td>\n<\/tr>\n<tr>\n<td valign=\"top\">Humanitaire et autre<\/td>\n<td valign=\"top\"><b>Humanitaire et autre<\/b><\/td>\n<td valign=\"top\"><b>3.600<\/b><\/td>\n<td valign=\"top\"><b>3.500<\/b><\/td>\n<\/tr>\n<tr>\n<td valign=\"top\">GLOBAL<\/td>\n<td valign=\"top\"><\/td>\n<td valign=\"top\"><b>300.000<\/b><\/td>\n<td valign=\"top\"><b>300.000<\/b><\/td>\n<\/tr>\n<\/tbody>\n<\/table>\n<hr \/>\n<p><iframe title=\"Canada To Welcome Nearly 1 Million Immigrants Over Next 3 Years\" width=\"1200\" height=\"675\" src=\"https:\/\/www.youtube.com\/embed\/0iJwrdo-cBU?feature=oembed\" frameborder=\"0\" allow=\"accelerometer; autoplay; clipboard-write; encrypted-media; gyroscope; picture-in-picture; web-share\" referrerpolicy=\"strict-origin-when-cross-origin\" allowfullscreen><\/iframe><\/p>\n<p><b>Employeurs int\u00e9ress\u00e9s<\/b>: <a href=\"https:\/\/immigration.ca\/fr\/canada-employers\/\">veuillez nous contacter<\/a> pour recevoir de plus amples informations.<\/p>\n<p><b>Candidats int\u00e9ress\u00e9s<\/b>: d\u00e9couvrez si vous \u00eates admissible au Canada en <a href=\"https:\/\/immigration.ca\/fr\/free-immigration-evaluation-forms\/\">remplissant notre \u00e9valuation gratuite en ligne<\/a>. Nous vous fournirons notre \u00e9valuation dans les 1 \u00e0 2 jours ouvrables.<\/p>\n<p>Lisez plus de nouvelles sur l&rsquo;immigration au Canada en <a href=\"https:\/\/immigration.ca\/fr\/canada-immigration-news-articles-2017\/\">cliquant ici<\/a>.<\/p>\n<p>&nbsp;<\/p>\n","protected":false},"excerpt":{"rendered":"<p>Ottawa pr\u00e9voit accueillir 980 000 nouveaux immigrants au cours des trois prochaines ann\u00e9es dans le cadre d&rsquo;un ambitieux plan triennal d&rsquo;immigration annonc\u00e9 par le gouvernement f\u00e9d\u00e9ral le 1er novembre. Les niveaux d&rsquo;immigration annuels pourraient atteindre 360 \u200b\u200b000 d&rsquo;ici 2020 dans le cadre du plan pluriannuel. Ce serait la premi\u00e8re fois en plus d&rsquo;un si\u00e8cle que&hellip;<\/p>\n","protected":false},"author":16,"featured_media":0,"comment_status":"closed","ping_status":"closed","sticky":false,"template":"","format":"standard","meta":{"_acf_changed":false,"footnotes":""},"categories":[4859],"tags":[],"class_list":["post-39754","post","type-post","status-publish","format-standard","hentry","category-lactualite-canadienne","category-4859","description-off"],"acf":[],"_links":{"self":[{"href":"https:\/\/immigration.ca\/fr\/wp-json\/wp\/v2\/posts\/39754","targetHints":{"allow":["GET"]}}],"collection":[{"href":"https:\/\/immigration.ca\/fr\/wp-json\/wp\/v2\/posts"}],"about":[{"href":"https:\/\/immigration.ca\/fr\/wp-json\/wp\/v2\/types\/post"}],"author":[{"embeddable":true,"href":"https:\/\/immigration.ca\/fr\/wp-json\/wp\/v2\/users\/16"}],"replies":[{"embeddable":true,"href":"https:\/\/immigration.ca\/fr\/wp-json\/wp\/v2\/comments?post=39754"}],"version-history":[{"count":0,"href":"https:\/\/immigration.ca\/fr\/wp-json\/wp\/v2\/posts\/39754\/revisions"}],"wp:attachment":[{"href":"https:\/\/immigration.ca\/fr\/wp-json\/wp\/v2\/media?parent=39754"}],"wp:term":[{"taxonomy":"category","embeddable":true,"href":"https:\/\/immigration.ca\/fr\/wp-json\/wp\/v2\/categories?post=39754"},{"taxonomy":"post_tag","embeddable":true,"href":"https:\/\/immigration.ca\/fr\/wp-json\/wp\/v2\/tags?post=39754"}],"curies":[{"name":"wp","href":"https:\/\/api.w.org\/{rel}","templated":true}]}}