{"id":21520,"date":"2017-01-24T14:55:43","date_gmt":"2017-01-24T14:55:43","guid":{"rendered":"https:\/\/immigrationca.staging.wpengine.com\/trump-gets-to-work-on-nafta-renegotiation\/"},"modified":"2017-04-06T16:20:19","modified_gmt":"2017-04-06T16:20:19","slug":"trump-travaille-a-la-renegociation-de-lalena","status":"publish","type":"post","link":"https:\/\/immigration.ca\/fr\/trump-travaille-a-la-renegociation-de-lalena\/","title":{"rendered":"Trump travaille \u00e0 la ren\u00e9gociation de l&rsquo;ALENA"},"content":{"rendered":"<p>Donald Trump poursuit sa promesse de faire de la ren\u00e9gociation de l&rsquo;Accord de libre-\u00e9change nord-am\u00e9ricain (ALENA) le premier point de son ordre du jour apr\u00e8s avoir pr\u00eat\u00e9 serment en tant que pr\u00e9sident.<\/p>\n<p>Le nouveau chef des \u00c9tats-Unis envisage d\u00e9j\u00e0 d&rsquo;entamer des pourparlers avec le Premier ministre canadien Justin Trudeau et le pr\u00e9sident mexicain Enrique Pena Nieto.<\/p>\n<p>Il a promis, lors de la campagne \u00e9lectorale des \u00c9tats-Unis, de d\u00e9chirer l&rsquo;accord s&rsquo;il arrivait au pouvoir, mais il semble plus probable qu&rsquo;il essaiera de ren\u00e9gocier les conditions pour mieux favoriser les \u00c9tats-Unis.<\/p>\n<p>Ce que cela signifie pour le Canada n&rsquo;est pas clair, bien que les experts disent que Trump mettra l\u2019emphase sur la partie de l\u2019accord entre les \u00c9tats-Unis et le Mexique.<\/p>\n<p>Jared Kushner, le gendre de Trump et son principal conseiller, est cens\u00e9 se rendre \u00e0 Calgary pour des entretiens avec des repr\u00e9sentants du gouvernement f\u00e9d\u00e9ral du Canada.<\/p>\n<p>\u00ab\u00a0Nous allons entamer des n\u00e9gociations concernant l&rsquo;ALENA\u00a0\u00bb, a d\u00e9clar\u00e9 M. Trump. \u00ab\u00a0Nous allons commencer \u00e0 ren\u00e9gocier l&rsquo;ALENA, l&rsquo;immigration et la s\u00e9curit\u00e9 \u00e0 la fronti\u00e8re. \u00bb<\/p>\n<p>Comme avec beaucoup de ses politiques, Trump n&rsquo;a pas encore fourni de d\u00e9tails sur la fa\u00e7on exacte dont ces n\u00e9gociations auront lieu.<\/p>\n<p>Mais les d\u00e9clarations buzz, aimant d\u00e9chirer l&rsquo;accord, ont stimul\u00e9 l&rsquo;enthousiasme des partisans qui l&rsquo;ont emmen\u00e9 au pouvoir devant Hillary Clinton.<\/p>\n<p>Maintenant, au d\u00e9but des n\u00e9gociations, on commencera \u00e0 voir clairement ce qu&rsquo;il veut faire de l&rsquo;accord trilat\u00e9ral.<\/p>\n<p>L&rsquo;\u00e9limination d&rsquo;une cat\u00e9gorie cl\u00e9 de visas am\u00e9ricains cr\u00e9\u00e9e en vertu de l&rsquo;ALENA pourrait pousser davantage de talents technologiques au Canada, disent les experts.<\/p>\n<p>Le visa de l&rsquo;ALENA, cr\u00e9\u00e9 pour permettre aux personnes hautement qualifi\u00e9es du Canada et du Mexique de p\u00e9n\u00e9trer aux \u00c9tats-Unis, \u00e0 condition d&rsquo;avoir des offres d&#8217;emploi, pourrait \u00eatre r\u00e9voqu\u00e9 selon le plan de ren\u00e9gociation de Trump.<\/p>\n<p>Cela signifie que les Canadiens et les Mexicains qui ont construit de <a href=\"https:\/\/immigration.ca\/fr\/trumps-nafta-threat-canadians-u-s-worried\/\">brillantes carri\u00e8res<\/a> aux \u00c9tats-Unis pourraient \u00eatre sur le point de se faire dire qu&rsquo;ils doivent rentrer chez eux.<\/p>\n<p>Des milliers de Canadiens ont profit\u00e9 de l&rsquo;occasion pour franchir la fronti\u00e8re et travailler aux \u00c9tats-Unis en vertu de l&rsquo;ALENA, et la menace de Trump de mettre fin au trait\u00e9 les rend extr\u00eamement nerveux.<\/p>\n<p>Trump a \u00e9t\u00e9 cit\u00e9 comme disant que les \u00c9tats-Unis perdent significativement au Canada selon les termes de l&rsquo;accord, disant que le d\u00e9ficit commercial \u00e9tait \u00ab\u00a0\u00e9norme\u00a0\u00bb lors d&rsquo;un discours de campagne.<\/p>\n<p>Quoi qu&rsquo;il arrive \u00e0 l&rsquo;avenir, pour les Canadiens qui travaillent aux \u00c9tats-Unis avec un visa obtenu en vertu de l\u2019ALENA, la p\u00e9riode actuelle est tr\u00e8s incertaine.<\/p>\n<p>Avec une vague d&rsquo;incertitude li\u00e9e \u00e0 Trump r\u00e9partie aux \u00c9tats-Unis, les experts de l&rsquo;industrie voient \u00e0 tout le moins un avantage \u00e0 court terme pour la comp\u00e9titivit\u00e9 du Canada en ce qui concerne le fait d\u2019attirer des talents technologiques.<\/p>\n<p>Si Trump suit une partie de la rh\u00e9torique anti-immigration qui \u00e9tait au centre de sa campagne victorieuse, l&rsquo;avantage concurrentiel du Canada pourrait devenir quelque chose \u00e0 plus \u00e0 long terme.<\/p>\n<p>Selon des estimations conservatrices, le Canada disposera de 182 000 postes vacants dans le secteur de la technologie d&rsquo;ici 2019. Ce secteur en pleine croissance est \u00e0 la t\u00eate de l\u2019\u00e9conomie, avec 71 000 entreprises qui emploient 5,6 pour cent de la population active et sont responsables de 7 pour cent de la production nationale.<\/p>\n<p>Plus de gens sont employ\u00e9s dans le secteur de la technologie que dans les secteurs combin\u00e9s du p\u00e9trole et du gaz, puis de l&rsquo;exploitation mini\u00e8re et la foresterie &#8211; une indication \u00e9tonnante que l&rsquo;\u00e9conomie canadienne conna\u00eet une transition importante, ce qui signifie qu&rsquo;elle a besoin de travailleurs poss\u00e9dant la bonne expertise.<\/p>\n<p>Plusieurs compagnies technologiques canadiennes ont signal\u00e9 un int\u00e9r\u00eat important de la part des employ\u00e9s de Silicon Valley qui cherchent \u00e0 faire le d\u00e9placement vers le nord depuis la victoire \u00e9lectorale de Trump.<\/p>\n<p>Le gouvernement f\u00e9d\u00e9ral se pr\u00e9pare \u00e0 appuyer l&rsquo;industrie, d\u00e9crivant r\u00e9cemment un nouveau <a href=\"https:\/\/immigration.ca\/fr\/canada-outlines-fast-track-visa-technology-talent\/\">visa acc\u00e9l\u00e9r\u00e9 sp\u00e9cialement pour les travailleurs dans le secteur technologique<\/a>, ce que le milieu des affaires a tant d\u00e9sir\u00e9 depuis que le gouvernement lib\u00e9ral est arriv\u00e9 au pouvoir en 2015.<\/p>\n<p>Les g\u00e9ants de la technologie du Canada, Shopify et Hootsuite, \u00e9taient parmi ceux qui faisaient la queue pour f\u00e9liciter l&rsquo;initiative du gouvernement, qui est survenue apr\u00e8s des mois de commentaires indiquant que le syst\u00e8me actuel \u00e9tait inad\u00e9quat.<\/p>\n<p>Le nouveau plan vise \u00e0 permettre aux entreprises admissibles \u00e0 obtenir des visas et des permis de travail approuv\u00e9s \u00e0 l\u2019int\u00e9rieur d\u2019un standard de deux semaines &#8211; dans le cadre du syst\u00e8me actuel, le d\u00e9lai minimum de traitement est de six mois.<\/p>\n<p>Les modifications anticip\u00e9es pr\u00e9voient \u00e9galement la cr\u00e9ation d&rsquo;un permis de travail de 30 jours qui peut \u00eatre r\u00e9parti sur une ann\u00e9e, ce qui signifie que les entreprises pourront amener des travailleurs pour des p\u00e9riodes de courte dur\u00e9e sans avoir \u00e0 demander de nouveaux documents \u00e0 chaque fois.<\/p>\n<p>Les entreprises disent qu&rsquo;elles perdent trop souvent des embauches importantes \u00e0 des concurrents dans d&rsquo;autres pays en raison du long processus pour obtenir un visa. Pour contourner ce processus, certaines entreprises ont d\u00e9m\u00e9nag\u00e9 afin de faciliter l\u2019emploi de travailleurs \u00e9trangers.<\/p>\n<p>La question porte sur <a href=\"https:\/\/immigration.ca\/fr\/labour-market-impact-assessments-lmias-canada\/\">l\u2019\u00e9tude d\u2019impact sur le march\u00e9 du travail<\/a> (EIMT), un outil con\u00e7u pour \u00e9valuer si un Canadien est disponible pour combler le poste requis.<\/p>\n<p>En vertu des nouvelles r\u00e8gles, les entreprises pourront se qualifier pour obtenir le visa acc\u00e9l\u00e9r\u00e9 en prouvant qu&rsquo;elles ont besoin de travailleurs \u00e9trangers hautement qualifi\u00e9s pour investir, cr\u00e9er des emplois ou transf\u00e9rer des connaissances aux Canadiens. Les multinationales qui r\u00e9alisent d&rsquo;importants investissements pourront \u00e9galement acc\u00e9der au nouveau syst\u00e8me.<\/p>\n<p>Le gouvernement f\u00e9d\u00e9ral a r\u00e9cemment <a href=\"https:\/\/immigration.ca\/fr\/express-entry-breaking-news-canada-eases-pathway-permanent-residence-foreign-workers-international-students\/\">modifi\u00e9 sa politique d&rsquo;immigration<\/a> en faveur des travailleurs les plus qualifi\u00e9s, ainsi que des \u00e9tudiants \u00e9trangers.<\/p>\n<p>Cela signifie que ces groupes trouveront le processus plus facile pour se qualifier via le <a href=\"https:\/\/immigration.ca\/fr\/express-entry-immigration-2017\/\">syst\u00e8me d\u2019Entr\u00e9e expresse<\/a>, l&rsquo;outil d&rsquo;immigration utilis\u00e9 pour s\u00e9lectionner les plus qualifi\u00e9s parmi ceux qui souhaitent d\u00e9m\u00e9nager au pays.<\/p>\n<p>Les changements &#8211; qui d\u00e9montrent relativement plus de points attribu\u00e9s aux candidats dans certaines professions s\u00e9lectionn\u00e9es par rapport \u00e0 ceux qualifi\u00e9s dans d&rsquo;autres domaines &#8211; sont entr\u00e9s en vigueur le samedi 19 Novembre 2016.<\/p>\n","protected":false},"excerpt":{"rendered":"<p>Donald Trump poursuit sa promesse de faire de la ren\u00e9gociation de l&rsquo;Accord de libre-\u00e9change nord-am\u00e9ricain (ALENA) le premier point de son ordre du jour apr\u00e8s avoir pr\u00eat\u00e9 serment en tant que pr\u00e9sident. Le nouveau chef des \u00c9tats-Unis envisage d\u00e9j\u00e0 d&rsquo;entamer des pourparlers avec le Premier ministre canadien Justin Trudeau et le pr\u00e9sident mexicain Enrique Pena&hellip;<\/p>\n","protected":false},"author":481,"featured_media":0,"comment_status":"closed","ping_status":"closed","sticky":false,"template":"","format":"standard","meta":{"_acf_changed":false,"footnotes":""},"categories":[4859,3337],"tags":[],"class_list":["post-21520","post","type-post","status-publish","format-standard","hentry","category-lactualite-canadienne","category-non-classifiee","category-4859","category-3337","description-off"],"acf":[],"_links":{"self":[{"href":"https:\/\/immigration.ca\/fr\/wp-json\/wp\/v2\/posts\/21520","targetHints":{"allow":["GET"]}}],"collection":[{"href":"https:\/\/immigration.ca\/fr\/wp-json\/wp\/v2\/posts"}],"about":[{"href":"https:\/\/immigration.ca\/fr\/wp-json\/wp\/v2\/types\/post"}],"author":[{"embeddable":true,"href":"https:\/\/immigration.ca\/fr\/wp-json\/wp\/v2\/users\/481"}],"replies":[{"embeddable":true,"href":"https:\/\/immigration.ca\/fr\/wp-json\/wp\/v2\/comments?post=21520"}],"version-history":[{"count":0,"href":"https:\/\/immigration.ca\/fr\/wp-json\/wp\/v2\/posts\/21520\/revisions"}],"wp:attachment":[{"href":"https:\/\/immigration.ca\/fr\/wp-json\/wp\/v2\/media?parent=21520"}],"wp:term":[{"taxonomy":"category","embeddable":true,"href":"https:\/\/immigration.ca\/fr\/wp-json\/wp\/v2\/categories?post=21520"},{"taxonomy":"post_tag","embeddable":true,"href":"https:\/\/immigration.ca\/fr\/wp-json\/wp\/v2\/tags?post=21520"}],"curies":[{"name":"wp","href":"https:\/\/api.w.org\/{rel}","templated":true}]}}