{"id":14630,"date":"2016-12-15T20:45:40","date_gmt":"2016-12-15T20:45:40","guid":{"rendered":"https:\/\/immigrationca.staging.wpengine.com\/fr\/u-s-border-pre-clearance-expanded-canada\/"},"modified":"2017-04-07T15:08:17","modified_gmt":"2017-04-07T15:08:17","slug":"le-pre-dedouanement-des-frontieres-americaines-sera-etendu-au-canada","status":"publish","type":"post","link":"https:\/\/immigration.ca\/fr\/le-pre-dedouanement-des-frontieres-americaines-sera-etendu-au-canada\/","title":{"rendered":"Le pr\u00e9-d\u00e9douanement des fronti\u00e8res am\u00e9ricaines sera \u00e9tendu au Canada"},"content":{"rendered":"<p><img fetchpriority=\"high\" decoding=\"async\" class=\"wp-image-8714 alignright\" src=\"https:\/\/immigration.ca\/wp-content\/uploads\/2016\/08\/Canada-US-Border.jpg\" alt=\"canada and us partnership concept illustration design over white\" width=\"267\" height=\"203\" srcset=\"https:\/\/immigration.ca\/wp-content\/uploads\/2016\/08\/Canada-US-Border.jpg 512w, https:\/\/immigration.ca\/wp-content\/uploads\/2016\/08\/Canada-US-Border-300x229.jpg 300w, https:\/\/immigration.ca\/wp-content\/uploads\/2016\/08\/Canada-US-Border-245x187.jpg 245w\" sizes=\"(max-width: 267px) 100vw, 267px\" \/><\/p>\n<p>Un projet de loi qui \u00e9largirait le pr\u00e9-d\u00e9douanement des fronti\u00e8res am\u00e9ricaines au Canada devrait devenir loi apr\u00e8s son adoption par le Congr\u00e8s am\u00e9ricain.<\/p>\n<p>Cette mesure vise \u00e0 renforcer le commerce et la s\u00e9curit\u00e9 des deux c\u00f4t\u00e9s de la fronti\u00e8re entre les deux pays.<\/p>\n<p>Des centres de pr\u00e9-d\u00e9douanement seront ajout\u00e9s pour les voyages en train, et les autobus et les trajets en voiture pourront \u00eatre autoris\u00e9s \u00e0 l&rsquo;avenir.<\/p>\n<p>L&rsquo;espoir est de soulager les embouteillages aux fronti\u00e8res qui ralentissent la circulation des biens et des personnes.<\/p>\n<p>Le projet de loi \u00e9tait en cours depuis plusieurs ann\u00e9es et prenait tellement de temps que beaucoup de gens pensaient qu\u2019il ne deviendrait jamais une loi.<\/p>\n<p>Faits saillants: La fronti\u00e8re entre le Canada et les \u00c9tats-Unis<\/p>\n<ul>\n<li>Plus longue fronti\u00e8re internationale du monde mesurant 8 891 km, 2,475 km \u00e9tant avec l&rsquo;Alaska.<\/li>\n<li>3 millions de Canadiens se sont rendus aux \u00c9tats-Unis en f\u00e9vrier 2016, 2 millions se d\u00e9pla\u00e7ant de l&rsquo;autre sens.<\/li>\n<li>400 000 personnes et 2,4 milliards de dollars en \u00e9changes commerciaux traversent la fronti\u00e8re chaque jour.<\/li>\n<li>Le Canada et les \u00c9tats-Unis sont les deuxi\u00e8me et quatri\u00e8me pays les plus vastes du monde en superficie.<\/li>\n<li>Provinces et territoires canadiens \u00e0 la fronti\u00e8re: Yukon, Colombie-Britannique, Alberta, Saskatchewan, Manitoba, Ontario, Qu\u00e9bec, Nouveau-Brunswick.<\/li>\n<li>\u00c9tats \u00e0 la fronti\u00e8re: Alaska, Washington, Idaho, Montana, Dakota du Nord, Minnesota, Michigan, Ohio, Pennsylvanie, New York, Vermont, New Hampshire, Maine.<\/li>\n<\/ul>\n<p>Il ne manque plus que la signature de Barack Obama, apr\u00e8s que le pr\u00e9sident sortant des \u00c9tats-Unis et son homologue canadien, Justin Trudeau, soient parvenus \u00e0 un accord sur la derni\u00e8re version, plus t\u00f4t dans l\u2019ann\u00e9e 2016.<\/p>\n<p>Le projet de loi avait d\u00e9but\u00e9 avec le gouvernement conservateur de Stephen Harper.<\/p>\n<p>Des projets pilotes sont pr\u00e9vus \u00e0 la gare centrale de Montr\u00e9al et \u00e0 la ligne du Rocky Mountaineer dans l&rsquo;Ouest canadien.<\/p>\n","protected":false},"excerpt":{"rendered":"<p>Un projet de loi qui \u00e9largirait le pr\u00e9-d\u00e9douanement des fronti\u00e8res am\u00e9ricaines au Canada devrait devenir loi apr\u00e8s son adoption par le Congr\u00e8s am\u00e9ricain. Cette mesure vise \u00e0 renforcer le commerce et la s\u00e9curit\u00e9 des deux c\u00f4t\u00e9s de la fronti\u00e8re entre les deux pays. Des centres de pr\u00e9-d\u00e9douanement seront ajout\u00e9s pour les voyages en train, et&hellip;<\/p>\n","protected":false},"author":481,"featured_media":0,"comment_status":"closed","ping_status":"closed","sticky":false,"template":"","format":"standard","meta":{"_acf_changed":false,"footnotes":""},"categories":[],"tags":[],"class_list":["post-14630","post","type-post","status-publish","format-standard","hentry","description-off"],"acf":[],"_links":{"self":[{"href":"https:\/\/immigration.ca\/fr\/wp-json\/wp\/v2\/posts\/14630","targetHints":{"allow":["GET"]}}],"collection":[{"href":"https:\/\/immigration.ca\/fr\/wp-json\/wp\/v2\/posts"}],"about":[{"href":"https:\/\/immigration.ca\/fr\/wp-json\/wp\/v2\/types\/post"}],"author":[{"embeddable":true,"href":"https:\/\/immigration.ca\/fr\/wp-json\/wp\/v2\/users\/481"}],"replies":[{"embeddable":true,"href":"https:\/\/immigration.ca\/fr\/wp-json\/wp\/v2\/comments?post=14630"}],"version-history":[{"count":0,"href":"https:\/\/immigration.ca\/fr\/wp-json\/wp\/v2\/posts\/14630\/revisions"}],"wp:attachment":[{"href":"https:\/\/immigration.ca\/fr\/wp-json\/wp\/v2\/media?parent=14630"}],"wp:term":[{"taxonomy":"category","embeddable":true,"href":"https:\/\/immigration.ca\/fr\/wp-json\/wp\/v2\/categories?post=14630"},{"taxonomy":"post_tag","embeddable":true,"href":"https:\/\/immigration.ca\/fr\/wp-json\/wp\/v2\/tags?post=14630"}],"curies":[{"name":"wp","href":"https:\/\/api.w.org\/{rel}","templated":true}]}}