{"id":13131,"date":"2016-11-20T20:07:19","date_gmt":"2016-11-20T20:07:19","guid":{"rendered":"https:\/\/immigrationca.staging.wpengine.com\/fr\/?p=13131"},"modified":"2016-11-20T20:23:38","modified_gmt":"2016-11-20T20:23:38","slug":"les-canadiens-disent-que-les-immigrants-doivent-sintegrer","status":"publish","type":"post","link":"https:\/\/immigration.ca\/fr\/les-canadiens-disent-que-les-immigrants-doivent-sintegrer\/","title":{"rendered":"Les Canadiens disent que les Immigrants doivent s\u2019int\u00e9grer"},"content":{"rendered":"<p>Les Canadiens favorisent les politiques d&rsquo;immigration ax\u00e9es sur l&rsquo;\u00e9conomie et le renouvellement de la main-d&rsquo;\u0153uvre vieillissante \u00e0 celles visant \u00e0 fournir une assistance aux personnes en situation de crise dans le monde.<\/p>\n<p><img decoding=\"async\" id=\"img1014\" class=\"alignright\" title=\"Canadians Say Immigrants Must Integrate\" src=\"https:\/\/immigration.ca\/images\/VancouverFlag-2.jpg\" alt=\"Canadians are in favour of immigration policies that will boost the economy and replenish the aging workforce instead of providing assistance to people in crisis from other parts of the world\" width=\"268\" height=\"178\" border=\"0\" \/><\/p>\n<p>M\u00eame si les nouveaux immigrants sont bien int\u00e9gr\u00e9s dans la soci\u00e9t\u00e9 canadienne, les minorit\u00e9s devraient faire davantage pour s\u2019adapter au courant normal de la vie<\/p>\n<p>Ce sont les principales conclusions d&rsquo;un nouveau sondage de l&rsquo;Institut Angus Reid et CBC, le dernier d&rsquo;une s\u00e9rie de questionnaires tentant d&rsquo;\u00e9valuer la position du public envers l&rsquo;immigration.<\/p>\n<p>Selon les r\u00e9sultats, les intervenants veulent que les nouveaux immigrants soient encourag\u00e9s \u00e0 mieux s\u2019adapter et s\u2019int\u00e9grer plut\u00f4t que d\u2019encourager les Canadiens \u00e0 montrer plus d\u2019ouverture \u00e0 l\u2019\u00e9gard de la diff\u00e9rence.<\/p>\n<p>De nombreux sondages li\u00e9s \u00e0 l\u2019immigration sont men\u00e9s au Canada pendant que le gouvernement fa\u00e7onne ses politiques et \u00e9tablit les chiffres d\u2019immigration pour les prochaines trois ann\u00e9es.<\/p>\n<div align=\"center\">\n<hr size=\"5\" width=\"100%\" \/>\n<\/div>\n<p>Sondages r\u00e9cents li\u00e9s \u00e0 l\u2019immigration<\/p>\n<ul>\n<li><a href=\"https:\/\/immigration.ca\/fr\/les-canadiens-appuient-un-haut-niveau-dimmigration\/\">Les canadiens appuient un haut niveau d\u2019immigration<\/a><\/li>\n<li><a href=\"https:\/\/immigration.ca\/fr\/poll-appears-show-canadians-support-screening-anti-canadian-values\/\">Sondage qui semble montrer que les canadiens appuient le contr\u00f4le pour des \u00ab\u00a0Valeurs Anti-Canadiennes\u00a0\u00bb<\/a><\/li>\n<li><a href=\"https:\/\/immigration.ca\/fr\/new-poll-suggesting-canadians-want-increased-security-measures-ambiguous\/\">Le nouveau sondage qui sugg\u00e8re que les canadiens veulent des plus grandes mesures de s\u00e9curit\u00e9 est ambigu<\/a><\/li>\n<\/ul>\n<div align=\"center\">\n<hr size=\"5\" width=\"100%\" \/>\n<\/div>\n<p>Le ministre de l&rsquo;immigration John McCallum est en train de <a href=\"https:\/\/immigration.ca\/fr\/mccallum-looking-liberal-consensus-immigration-plan\/\">recueillir du soutien<\/a> pour une nouvelle augmentation du nombre de nouveaux arrivants, avec 2016 qui se dessine pour \u00eatre une ann\u00e9e record.<\/p>\n<p>Les chiffres r\u00e9cents de Statistique Canada montrent que jusqu\u2019en juillet 2016, plus de 320,000 nouveaux immigrants ont \u00e9t\u00e9 accueillis dans l&rsquo;ann\u00e9e. Pour une p\u00e9riode de 12 mois, <a href=\"https:\/\/immigration.ca\/fr\/canada-receives-number-immigrants-100-years\/\">ce chiffre est le plus \u00e9lev\u00e9 depuis plus de 100 ans<\/a>.<\/p>\n<p>Une partie du plan de McCallum est de simplifier le processus d\u2019immigration pour les travailleurs hautement qualifi\u00e9s dans le domaine de la technologie. Selon le sondage Angus Reid, cela semble correspondre \u00e0 l&rsquo;opinion publique sur les besoins de main-d&rsquo;\u0153uvre.<\/p>\n<p>Une impressionnante majorit\u00e9 de 79% d\u2019intervenants aimeraient que l\u2019on priorise la relance de l\u2019\u00e9conomie canadienne plut\u00f4t que d\u2019aider les personnes en crise.<\/p>\n<hr \/>\n<p><img fetchpriority=\"high\" decoding=\"async\" id=\"img6748\" class=\"aligncenter\" title=\"Canada immigration and refugee policies\" src=\"https:\/\/immigration.ca\/images\/graphs\/Canada-immigration-and-refugee-policies.png\" width=\"530\" height=\"276\" border=\"0\" \/><\/p>\n<p style=\"text-align: center;\">Source: Angus Reid\/CBC poll<\/p>\n<hr \/>\n<p>Lorsqu\u2019il \u00e9tait question de l\u2019int\u00e9gration des nouveaux immigrants, le Canada a sembl\u00e9 se contredire.<\/p>\n<pre>Environ 67% ont dit qu'ils \u00e9taient satisfaits de la fa\u00e7on dont les nouveaux immigrants ont \u00e9t\u00e9 int\u00e9gr\u00e9s dans leur communaut\u00e9. Cela pourrait inclure des \u00e9l\u00e9ments tels que l'apprentissage de la langue, le fait de trouver un emploi ou le fait de participer \u00e0 des activit\u00e9s collectives.<\/pre>\n<hr \/>\n<p><img decoding=\"async\" id=\"img617\" class=\"aligncenter\" title=\"Indicate your satisfaction on how well new immigrants are integrated into your community\" src=\"https:\/\/immigration.ca\/images\/graphs\/Indicate-your-satisfaction-how-new-immigrants.png\" width=\"531\" height=\"294\" border=\"0\" \/><\/p>\n<p style=\"text-align: center;\">Source: Angus Reid\/CBC poll<\/p>\n<hr \/>\n<p>Par contre, 68% disent que les minorit\u00e9s devraient faire d\u2019avantage d\u2019efforts pour s\u2019int\u00e9grer dans le courant normal de la vie en opposition \u00e0 encourager la diversit\u00e9 culturelle.<\/p>\n<hr \/>\n<p><img loading=\"lazy\" decoding=\"async\" id=\"img3380\" class=\"aligncenter\" src=\"https:\/\/immigration.ca\/images\/graphs\/image0011.png\" width=\"531\" height=\"256\" border=\"0\" \/><\/p>\n<p style=\"text-align: center;\">Source: Angus Reid\/CBC poll<\/p>\n<hr \/>\n<p>Le langage utilis\u00e9 dans ces deux cas est important. Dans la premi\u00e8re question ci-dessus, le mot \u00abimmigrants\u00bb est utilis\u00e9, alors que la deuxi\u00e8me question se r\u00e9f\u00e8re \u00e0 des \u00abminorit\u00e9s\u00bb. Un immigrant n\u2019est pas n\u00e9cessairement une minorit\u00e9. Il est possible que l\u2019utilisation de la terminologie \u00abminorit\u00e9s\u00bb attire plus de n\u00e9gativit\u00e9 que celle de la terminologie \u00abimmigr\u00e9s\u00bb. Il n&rsquo;y a aucune indication quant \u00e0 la raison pour laquelle les mots utilis\u00e9s diff\u00e9rent entre les deux questions.<\/p>\n<p>Une autre question, avec encore une fois la terminologie \u2018minorit\u00e9s\u2019, a cherch\u00e9 \u00e0 savoir si \u00ab\u00a0les minorit\u00e9s devraient-elles changer ou les canadiens devraient-ils s\u2019adapter pour accepter leur diff\u00e9rences?\u00a0\u00bb.<\/p>\n<p>Environ 57% des intervenants ont mis le fardeau sur les minorit\u00e9s tandis que 34% estiment que l\u2019acceptation doit \u00eatre encourag\u00e9e.<\/p>\n<hr \/>\n<p><img loading=\"lazy\" decoding=\"async\" id=\"img8345\" class=\"aligncenter\" title=\"Overall, what do you think should be a higher priority for Canada: to encourage Canadians as a whole to try to accept minority groups and their customs and languages, or to encourage minority groups to try to change to be more like most Canadians?\" src=\"https:\/\/immigration.ca\/images\/graphs\/what-do-you-think-should-be-a-higher-priority-for-Canada.png\" width=\"530\" height=\"331\" border=\"0\" \/><\/p>\n<p style=\"text-align: center;\">Source: Angus Reid\/CBC poll<\/p>\n<hr \/>\n<p>Il est difficile de comparer des r\u00e9sultats de sondages lorsque les questions sont formul\u00e9es de fa\u00e7on tr\u00e8s diff\u00e9rente, mais il est juste de dire que les r\u00e9ponses ne vont pas de concert avec l\u2019image du Canada en tant que soci\u00e9t\u00e9 ouverte et accueillante.<\/p>\n<p>Pourtant, lors de l\u2019\u00e9lection en octobre 2015, une indication tr\u00e8s claire de l\u2019opinion du Canada envers les immigrants a \u00e9t\u00e9 donn\u00e9e.<\/p>\n<p>Les lib\u00e9raux ont remport\u00e9 une importante majorit\u00e9 lors de l\u2019\u00e9lection avec un programme \u00e9lectoral qui incluait l\u2019intention d\u2019accueillir des milliers de r\u00e9fugi\u00e9s syriens et d\u2019augmenter le nombre d\u2019immigrants.<\/p>\n<p>La conclusion pr\u00e9pond\u00e9rante est que bien que les canadiens sont contents de voir plus d\u2019immigrants arriver, ils veulent aussi voir ces immigrants contribuer et s\u2019int\u00e9grer \u00e0 la soci\u00e9t\u00e9 canadienne.<\/p>\n<div align=\"center\">\n<hr size=\"5\" width=\"100%\" \/>\n<\/div>\n<p>Le Plan d\u2019Immigration de McCallum<\/p>\n<ul>\n<li>Les lib\u00e9raux ont mis l\u2019emphase sur la r\u00e9unification des familles comme \u00e9l\u00e9ment cl\u00e9 lors de leur campagne, et McCallum cherche des moyens pour acc\u00e9l\u00e9rer le processus n\u00e9cessaire afin de faire venir les membres de la famille imm\u00e9diate.<\/li>\n<li>Il est \u00e9galement pr\u00e9vu de faciliter la proc\u00e9dure pour les \u00e9tudiants internationaux, ayant gradu\u00e9s au Canada, afin qu\u2019ils puissent demeurer dans le pays. McCallum croit que ces jeunes qui poss\u00e8dent une qualification canadienne ainsi de l\u2019exp\u00e9rience au Canada sont des candidats id\u00e9aux pour des r\u00e9sidents permanents.<\/li>\n<li>McCallum planifie aussi combler la p\u00e9nurie de main d\u2019\u0153uvre dans le domaine technologique du Canada en facilitant le processus pour les immigrants avec les qualifications requises.<\/li>\n<li>Les limitations en lien avec le programme des travailleurs \u00e9trangers temporaires seront assouplies \u2013 un rapport sur l\u2019\u00e9tat actuel du programme devrait \u00eatre publi\u00e9 en septembre.<\/li>\n<li>McCallum a d\u00e9j\u00e0 donn\u00e9 \u00e0 la r\u00e9gion de l\u2019Atlantique la libert\u00e9 de faire venir 2,000 immigrants de plus en 2017 \u00e0 travers le programme des candidats des provinces. Ce chiffre pourrait augmenter en 2018 et 2019 si l\u2019augmentation est per\u00e7ue comme un succ\u00e8s.<\/li>\n<\/ul>\n<div align=\"center\">\n<hr size=\"5\" width=\"100%\" \/>\n<\/div>\n<p>Les <strong>employeurs int\u00e9ress\u00e9s<\/strong>: veuillez nous contacter <a href=\"https:\/\/immigration.ca\/fr\/zone-employeurs-canadiens\/\">ici<\/a> pour recevoir de plus amples informations.<\/p>\n<p>Les <strong>candidats int\u00e9ress\u00e9s<\/strong>: D\u00e9couvrez si vous \u00eates admissibles \u00e0 immigrer au Canada en remplissant notre <a href=\"https:\/\/immigration.ca\/fr\/formulaires-devaluation-gratuite-dimmigration\/\">\u00e9valuation gratuite en ligne<\/a>. Vous obtiendrez les r\u00e9sultats de votre \u00e9valuation en 1 \u00e0 2 jours ouvrables.<\/p>\n<p><strong>Articles de Presse R\u00e9cents:<\/strong><\/p>\n<ul>\n<li><a href=\"https:\/\/immigration.ca\/federal-government-considers-options-repeal-citizenship-stripping-powers\/\">Federal Government Considers Options on Repeal of Citizenship-Stripping Powers<\/a><\/li>\n<li><a href=\"https:\/\/immigration.ca\/fr\/le-petrole-et-le-gaz-sont-lorigine-de-la-croissance-du-pib-de-juillet\/\">Le P\u00e9trole et le Gaz sont \u00e0 l\u2019Origine de la Croissance du PIB de Juillet<\/a><\/li>\n<\/ul>\n<p>Pour les derni\u00e8res nouvelles \u00e0 propos de l\u2019immigration au Canada, veuillez <a href=\"https:\/\/immigration.ca\/fr\/articles-de-presse-sur-limmigration-au-canada-2016\/\">cliquer ici.<\/a><\/p>\n","protected":false},"excerpt":{"rendered":"<p>Les Canadiens favorisent les politiques d&rsquo;immigration ax\u00e9es sur l&rsquo;\u00e9conomie et le renouvellement de la main-d&rsquo;\u0153uvre vieillissante \u00e0 celles visant \u00e0 fournir une assistance aux personnes en situation de crise dans le monde. M\u00eame si les nouveaux immigrants sont bien int\u00e9gr\u00e9s dans la soci\u00e9t\u00e9 canadienne, les minorit\u00e9s devraient faire davantage pour s\u2019adapter au courant normal de&hellip;<\/p>\n","protected":false},"author":481,"featured_media":0,"comment_status":"closed","ping_status":"closed","sticky":false,"template":"","format":"standard","meta":{"_acf_changed":false,"footnotes":""},"categories":[4859,5497],"tags":[],"class_list":["post-13131","post","type-post","status-publish","format-standard","hentry","category-lactualite-canadienne","category-octobre-2016-fr","category-4859","category-5497","description-off"],"acf":[],"_links":{"self":[{"href":"https:\/\/immigration.ca\/fr\/wp-json\/wp\/v2\/posts\/13131","targetHints":{"allow":["GET"]}}],"collection":[{"href":"https:\/\/immigration.ca\/fr\/wp-json\/wp\/v2\/posts"}],"about":[{"href":"https:\/\/immigration.ca\/fr\/wp-json\/wp\/v2\/types\/post"}],"author":[{"embeddable":true,"href":"https:\/\/immigration.ca\/fr\/wp-json\/wp\/v2\/users\/481"}],"replies":[{"embeddable":true,"href":"https:\/\/immigration.ca\/fr\/wp-json\/wp\/v2\/comments?post=13131"}],"version-history":[{"count":0,"href":"https:\/\/immigration.ca\/fr\/wp-json\/wp\/v2\/posts\/13131\/revisions"}],"wp:attachment":[{"href":"https:\/\/immigration.ca\/fr\/wp-json\/wp\/v2\/media?parent=13131"}],"wp:term":[{"taxonomy":"category","embeddable":true,"href":"https:\/\/immigration.ca\/fr\/wp-json\/wp\/v2\/categories?post=13131"},{"taxonomy":"post_tag","embeddable":true,"href":"https:\/\/immigration.ca\/fr\/wp-json\/wp\/v2\/tags?post=13131"}],"curies":[{"name":"wp","href":"https:\/\/api.w.org\/{rel}","templated":true}]}}