{"id":108199,"date":"2022-12-13T12:29:26","date_gmt":"2022-12-13T17:29:26","guid":{"rendered":"https:\/\/immigration.ca\/quebec-well-able-to-welcome-more-than-100000-immigrants-per-year-says-trudeau\/"},"modified":"2023-04-10T23:20:11","modified_gmt":"2023-04-11T03:20:11","slug":"quebec-well-able-to-welcome-more-than-100000-immigrants-per-year-says-trudeau","status":"publish","type":"post","link":"https:\/\/immigration.ca\/fr\/quebec-well-able-to-welcome-more-than-100000-immigrants-per-year-says-trudeau\/","title":{"rendered":"Le Qu\u00e9bec est bien en mesure d&rsquo;accueillir plus de 100 000 immigrants par ann\u00e9e, selon Trudeau"},"content":{"rendered":"<p>Le Premier ministre canadien Justin Trudeau a d\u00e9clar\u00e9 que <a href=\"https:\/\/immigration.ca\/quebec-immigration-overview\/\">le Qu\u00e9bec<\/a> est en mesure d&rsquo;accueillir 112 000 immigrants par an, r\u00e9futant ainsi les affirmations du Premier ministre provincial Fran\u00e7ois Legault.<\/p>\n<p>Le chef lib\u00e9ral affirme que la province francophone pourrait facilement faire en sorte que la grande majorit\u00e9 de ces nouveaux arrivants soient francophones.<\/p>\n<p>\u00ab\u00a0Le Qu\u00e9bec est actuellement tout \u00e0 fait capable d&rsquo;accueillir 112 000 immigrants par an\u00a0\u00bb, a d\u00e9clar\u00e9 Trudeau.<\/p>\n<p>Ces commentaires contredisent compl\u00e8tement le point de vue de Legault, qui a r\u00e9cemment d\u00e9clar\u00e9 qu&rsquo;il serait suicidaire pour le Qu\u00e9bec d&rsquo;accueillir plus que les quelque 50 000 personnes pr\u00e9vues dans son r\u00e9cent plan sur les niveaux d&rsquo;immigration.<\/p>\n<blockquote class=\"instagram-media\" style=\"background: #FFF; border: 0; border-radius: 3px; box-shadow: 0 0 1px 0 rgba(0,0,0,0.5),0 1px 10px 0 rgba(0,0,0,0.15); margin: 1px; max-width: 540px; min-width: 326px; padding: 0; width: calc(100% - 2px);\" data-instgrm-permalink=\"https:\/\/www.instagram.com\/reel\/CmI8-6GOh25\/?utm_source=ig_embed&amp;utm_campaign=loading\" data-instgrm-version=\"14\">\n<div style=\"padding: 16px;\">\n<p>&nbsp;<\/p>\n<div style=\"display: flex; flex-direction: row; align-items: center;\">\n<div style=\"background-color: #f4f4f4; border-radius: 50%; flex-grow: 0; height: 40px; margin-right: 14px; width: 40px;\"><\/div>\n<div style=\"display: flex; flex-direction: column; flex-grow: 1; justify-content: center;\">\n<div style=\"background-color: #f4f4f4; border-radius: 4px; flex-grow: 0; height: 14px; margin-bottom: 6px; width: 100px;\"><\/div>\n<div style=\"background-color: #f4f4f4; border-radius: 4px; flex-grow: 0; height: 14px; width: 60px;\"><\/div>\n<\/div>\n<\/div>\n<div style=\"padding: 19% 0;\"><\/div>\n<div style=\"display: block; height: 50px; margin: 0 auto 12px; width: 50px;\"><\/div>\n<div style=\"padding-top: 8px;\">\n<div style=\"color: #3897f0; font-family: Arial,sans-serif; font-size: 14px; font-style: normal; font-weight: 550; line-height: 18px;\">View this post on Instagram<\/div>\n<\/div>\n<div style=\"padding: 12.5% 0;\"><\/div>\n<div style=\"display: flex; flex-direction: row; margin-bottom: 14px; align-items: center;\">\n<div>\n<div style=\"background-color: #f4f4f4; border-radius: 50%; height: 12.5px; width: 12.5px; transform: translateX(0px) translateY(7px);\"><\/div>\n<div style=\"background-color: #f4f4f4; height: 12.5px; transform: rotate(-45deg) translateX(3px) translateY(1px); width: 12.5px; flex-grow: 0; margin-right: 14px; margin-left: 2px;\"><\/div>\n<div style=\"background-color: #f4f4f4; border-radius: 50%; height: 12.5px; width: 12.5px; transform: translateX(9px) translateY(-18px);\"><\/div>\n<\/div>\n<div style=\"margin-left: 8px;\">\n<div style=\"background-color: #f4f4f4; border-radius: 50%; flex-grow: 0; height: 20px; width: 20px;\"><\/div>\n<div style=\"width: 0; height: 0; border-top: 2px solid transparent; border-left: 6px solid #f4f4f4; border-bottom: 2px solid transparent; transform: translateX(16px) translateY(-4px) rotate(30deg);\"><\/div>\n<\/div>\n<div style=\"margin-left: auto;\">\n<div style=\"width: 0px; border-top: 8px solid #F4F4F4; border-right: 8px solid transparent; transform: translateY(16px);\"><\/div>\n<div style=\"background-color: #f4f4f4; flex-grow: 0; height: 12px; width: 16px; transform: translateY(-4px);\"><\/div>\n<div style=\"width: 0; height: 0; border-top: 8px solid #F4F4F4; border-left: 8px solid transparent; transform: translateY(-4px) translateX(8px);\"><\/div>\n<\/div>\n<\/div>\n<div style=\"display: flex; flex-direction: column; flex-grow: 1; justify-content: center; margin-bottom: 24px;\">\n<div style=\"background-color: #f4f4f4; border-radius: 4px; flex-grow: 0; height: 14px; margin-bottom: 6px; width: 224px;\"><\/div>\n<div style=\"background-color: #f4f4f4; border-radius: 4px; flex-grow: 0; height: 14px; width: 144px;\"><\/div>\n<\/div>\n<p>&nbsp;<\/p>\n<p style=\"color: #c9c8cd; font-family: Arial,sans-serif; font-size: 14px; line-height: 17px; margin-bottom: 0; margin-top: 8px; overflow: hidden; padding: 8px 0 7px; text-align: center; text-overflow: ellipsis; white-space: nowrap;\"><a style=\"color: #c9c8cd; font-family: Arial,sans-serif; font-size: 14px; font-style: normal; font-weight: normal; line-height: 17px; text-decoration: none;\" href=\"https:\/\/www.instagram.com\/reel\/CmI8-6GOh25\/?utm_source=ig_embed&amp;utm_campaign=loading\" target=\"_blank\" rel=\"noopener\">A post shared by Live &amp; Work In Canada (@immigrationca)<\/a><\/p>\n<\/div>\n<\/blockquote>\n<p><script async src=\"\/\/www.instagram.com\/embed.js\"><\/script><\/p>\n<hr \/>\n<p><strong>Read More<\/strong><\/p>\n<ul>\n<li><a href=\"https:\/\/immigration.ca\/quebec-holds-the-line-on-immigration-in-caqs-latest-levels-plan\/\">Qu\u00e9bec maintient la ligne en mati\u00e8re d&rsquo;immigration dans le dernier plan anti-entreprises de la CAQ<\/a><\/li>\n<li><u><a href=\"https:\/\/immigration.ca\/quebec-premier-wants-all-immigrants-to-the-province-to-be-francophone-by-2026\/\">Le premier ministre du Qu\u00e9bec veut que tous les immigrants de la province soient francophones d&rsquo;ici 2026<\/a><\/u><\/li>\n<li><a href=\"https:\/\/immigration.ca\/quebec-issues-998-canada-immigration-invitations-to-candidates-with-job-offers-outside-montreal\/\">Le Qu\u00e9bec \u00e9met 998 invitations d&rsquo;immigration au Canada aux candidats avec des offres d&#8217;emploi \u00e0 l&rsquo;ext\u00e9rieur de Montr\u00e9a<\/a><u>l<\/u><\/li>\n<\/ul>\n<hr \/>\n<p>Trudeau a bl\u00e2m\u00e9 le manque d&rsquo;immigration au Qu\u00e9bec pour la p\u00e9nurie de main-d&rsquo;\u0153uvre dans la province, en soulignant les probl\u00e8mes que rencontrent les entreprises pour embaucher du personnel.<\/p>\n<p>\u00ab Il y a des entrepreneurs en Beauce incapables d&rsquo;ex\u00e9cuter des contrats parce qu&rsquo;ils n&rsquo;arrivent pas \u00e0 embaucher suffisamment de personnes \u00bb, a-t-il dit.<\/p>\n<hr \/>\n<p><strong>Regarder la vid\u00e9o<\/strong><\/p>\n<p><iframe title=\"YouTube video player\" src=\"https:\/\/www.youtube.com\/embed\/2WIqzzzTfYM\" width=\"560\" height=\"315\" frameborder=\"0\" allowfullscreen=\"allowfullscreen\"><\/iframe><\/p>\n<hr \/>\n<p>Les commentaires contradictoires mettent \u00e0 nu l&rsquo;\u00e9cart de philosophie politique entre le gouvernement f\u00e9d\u00e9ral et le gouvernement provincial du Qu\u00e9bec.<\/p>\n<p>Le Canada s&rsquo;appr\u00eate \u00e0 augmenter l&rsquo;immigration \u00e0 500 000 par an d&rsquo;ici \u00e0 2025. Mais le premier ministre du Qu\u00e9bec, tr\u00e8s populaire, semble peu probable \u00e0 s&rsquo;\u00e9carter des 50 000.<\/p>\n<p>Ce dernier plan des niveaux du Qu\u00e9bec en dit long sur l&rsquo;attitude de Legault envers les grandes entreprises de la province.<\/p>\n<p>Avec 22 % de la population canadienne, le Qu\u00e9bec a droit \u00e0 la m\u00eame proportion de l&rsquo;immigration annuelle.<\/p>\n<p>Le plan du gouvernement f\u00e9d\u00e9ral vise 465 000 nouveaux arrivants l&rsquo;ann\u00e9e prochaine, ce qui signifie que le Qu\u00e9bec a le droit d&rsquo;accueillir 102 300 nouveaux arrivants, mais il choisit d&rsquo;en accueillir seulement la moiti\u00e9.<\/p>\n<p>Avec son plan visant \u00e0 s&rsquo;assurer que tous les immigrants du Qu\u00e9bec soient francophones, la CAQ d\u00e9montre qu&rsquo;elle est anti-grande entreprise et qu&rsquo;elle ne se soucie que de son programme nationaliste.<\/p>\n<p>Les entreprises qu\u00e9b\u00e9coises exhortent la province \u00e0 augmenter l&rsquo;immigration afin de lutter contre la p\u00e9nurie chronique de main-d&rsquo;\u0153uvre, mais la CAQ refuse de le faire.<\/p>\n<p>Il est r\u00e9v\u00e9lateur que la majorit\u00e9 de ces entreprises soient bas\u00e9es \u00e0 Montr\u00e9al, o\u00f9 la CAQ b\u00e9n\u00e9ficie de tr\u00e8s peu de soutien. Legault pr\u00e9f\u00e8re se plier \u00e0 sa base de soutien pour garder le pouvoir, m\u00eame si cela nuit \u00e0 l&rsquo;avenir de l&rsquo;\u00e9conomie de la province.<\/p>\n<p>Plan des niveaux d\u2019immigration du Qu\u00e9bec 2023<\/p>\n<table width=\"925\">\n<tbody>\n<tr>\n<td><\/td>\n<td><strong>Minimum<\/strong><\/td>\n<td><strong>Maximum<\/strong><\/td>\n<\/tr>\n<tr>\n<td><strong>Immigration \u00e9conomique<\/strong><\/td>\n<td><strong>32,000<\/strong><\/td>\n<td><strong>33,900<\/strong><\/td>\n<\/tr>\n<tr>\n<td>Travailleurs qualifi\u00e9s<\/td>\n<td>28,000<\/td>\n<td>29,500<\/td>\n<\/tr>\n<tr>\n<td>Gens d\u2019affaires<\/td>\n<td>4,000<\/td>\n<td>4,300<\/td>\n<\/tr>\n<tr>\n<td><strong>Autres cat\u00e9gories \u00e9conomiques<\/strong><\/td>\n<td><strong>0<\/strong><\/td>\n<td><strong>100<\/strong><\/td>\n<\/tr>\n<tr>\n<td><strong>Regroupement familial<\/strong><\/td>\n<td><strong>10,200<\/strong><\/td>\n<td><strong>10,600<\/strong><\/td>\n<\/tr>\n<tr>\n<td><strong>R\u00e9fugi\u00e9s et personnes en situations semblables<\/strong><\/td>\n<td><strong>6,900<\/strong><\/td>\n<td><strong>7,500<\/strong><\/td>\n<\/tr>\n<tr>\n<td><strong>Autres cat\u00e9gories d&rsquo;immigration<\/strong><\/td>\n<td><strong>400<\/strong><\/td>\n<td><strong>500<\/strong><\/td>\n<\/tr>\n<tr>\n<td><strong>Total <\/strong><\/td>\n<td><strong>49,500<\/strong><\/td>\n<td><strong>52,500<\/strong><\/td>\n<\/tr>\n<\/tbody>\n<\/table>\n<p>Au niveau f\u00e9d\u00e9ral, pendant ce temps, le Canada d\u00e9pensera 1,6 milliard de dollars sur six ans et 315 millions de dollars par an par la suite pour le traitement et l&rsquo;\u00e9tablissement des nouveaux immigrants qu&rsquo;il accueillera dans le cadre de son ambitieux Plan des niveaux d&rsquo;immigration de 2023 \u00e0 2025.<\/p>\n<p>L&rsquo;\u00c9nonc\u00e9 \u00e9conomique de l&rsquo;automne du gouvernement f\u00e9d\u00e9ral a \u00e9galement allou\u00e9 50 millions de dollars cette ann\u00e9e et l&rsquo;ann\u00e9e prochaine sp\u00e9cifiquement pour s&rsquo;attaquer \u00e0 l\u2019arri\u00e9r\u00e9 de traitement paralysant.<\/p>\n<p>L&rsquo;\u00c9nonc\u00e9 souligne exactement \u00e0 quel point l&rsquo;immigration est devenue importante pour l&rsquo;\u00e9conomie canadienne, avec un nouveau record de plus de 430 000 nouveaux arrivants qui devraient \u00eatre accueillis cette ann\u00e9e.<\/p>\n<p>Les augmentations d&rsquo;immigration annonc\u00e9es par Fraser comprennent 301 250 nouveaux immigrants dans la seule cat\u00e9gorie \u00e9conomique, comme le Canada poursuit son engagement \u00e0 aider les entreprises confront\u00e9es \u00e0 des p\u00e9nuries chroniques de main-d&rsquo;\u0153uvre.<\/p>\n<p>L&rsquo;immigration repr\u00e9sente pr\u00e8s de 100 % de la croissance de la population active du Canada et, d&rsquo;ici 2032, elle devrait repr\u00e9senter 100 % de la croissance d\u00e9mographique du Canada, selon Immigration, R\u00e9fugi\u00e9s et Citoyennet\u00e9 Canada.<\/p>\n<p>Plan des niveaux d\u2019immigration du Canada 2023-2025<\/p>\n<table width=\"925\">\n<tbody>\n<tr>\n<td><\/td>\n<td><\/td>\n<td>2023<\/td>\n<td>2024<\/td>\n<td>2025<\/td>\n<\/tr>\n<tr>\n<td><\/td>\n<td><strong>Nombre global d\u2019admissions pr\u00e9vues de r\u00e9sidents permanents<\/strong><\/td>\n<td><strong>465,000<\/strong><\/td>\n<td><strong>485,000<\/strong><\/td>\n<td><strong>500,000<\/strong><\/td>\n<\/tr>\n<tr>\n<td>\u00c9conomique<\/td>\n<td>Travailleurs hautement qualifi\u00e9s (f\u00e9d\u00e9ral)<\/td>\n<td>82,880<\/td>\n<td>109,020<\/td>\n<td>114,000<\/td>\n<\/tr>\n<tr>\n<td><\/td>\n<td>Politiques d\u2019int\u00e9r\u00eat public du volet f\u00e9d\u00e9ral<\/td>\n<td>25,000<\/td>\n<td>\u2013<\/td>\n<td>\u2013<\/td>\n<\/tr>\n<tr>\n<td><\/td>\n<td>Gens d\u2019affaires (f\u00e9d\u00e9ral)<\/td>\n<td>3,500<\/td>\n<td>5,000<\/td>\n<td>6,000<\/td>\n<\/tr>\n<tr>\n<td><\/td>\n<td>Programmes pilotes \u00e9conomiques: Aides familiaux; Programme pilote d\u2019agroalimentaire; Programme pilote d\u2019immigration dans les communaut\u00e9s rurale et du Nord; Projet pilote sur la voie d\u2019acc\u00e8s \u00e0 la mobilit\u00e9 \u00e9conomique<\/td>\n<td>8,500<\/td>\n<td>12,125<\/td>\n<td>14,750<\/td>\n<\/tr>\n<tr>\n<td><\/td>\n<td>Programme d\u2019immigration au Canada atlantique<\/td>\n<td>8,500<\/td>\n<td>11,500<\/td>\n<td>14,500<\/td>\n<\/tr>\n<tr>\n<td><\/td>\n<td>Programme des candidates des provinces<\/td>\n<td>105,500<\/td>\n<td>110,000<\/td>\n<td>117,500<\/td>\n<\/tr>\n<tr>\n<td><\/td>\n<td>Immigration des travailleurs qualifi\u00e9s et des gens d\u2019affaires (Qu\u00e9bec)<\/td>\n<td>33,900<\/td>\n<td>\u00c0 d\u00e9terminer<\/td>\n<td>\u00c0 d\u00e9terminer<\/td>\n<\/tr>\n<tr>\n<td><\/td>\n<td><strong>Total \u2013 Immigration \u00e9conomique<\/strong><\/td>\n<td><strong>266,210<\/strong><\/td>\n<td><strong>281,135<\/strong><\/td>\n<td><strong>301,250<\/strong><\/td>\n<\/tr>\n<tr>\n<td>Famille<\/td>\n<td>\u00c9poux, conjoints de fait, partenaires conjugaux et enfants<\/td>\n<td>78,000<\/td>\n<td>80,000<\/td>\n<td>82,000<\/td>\n<\/tr>\n<tr>\n<td><\/td>\n<td>Parents et grands-parents<\/td>\n<td>28,500<\/td>\n<td>34,000<\/td>\n<td>36,000<\/td>\n<\/tr>\n<tr>\n<td><\/td>\n<td><strong>Total \u2013 Regroupement familial<\/strong><\/td>\n<td><strong>106,500<\/strong><\/td>\n<td><strong>114,000<\/strong><\/td>\n<td><strong>118,000<\/strong><\/td>\n<\/tr>\n<tr>\n<td>R\u00e9fugi\u00e9s et personnes prot\u00e9g\u00e9es<\/td>\n<td>Personnes prot\u00e9g\u00e9es au Canada et personnes \u00e0 charge \u00e0 l\u2019\u00e9tranger<\/td>\n<td>25,000<\/td>\n<td>27,000<\/td>\n<td>29,000<\/td>\n<\/tr>\n<tr>\n<td><\/td>\n<td>R\u00e9fugi\u00e9s r\u00e9install\u00e9s \u2013 R\u00e9fugi\u00e9s pris en charge par le gouvernement<\/td>\n<td>23,550<\/td>\n<td>21,115<\/td>\n<td>15,250<\/td>\n<\/tr>\n<tr>\n<td><\/td>\n<td>R\u00e9fugi\u00e9s r\u00e9install\u00e9s \u2013 R\u00e9fugi\u00e9s parrain\u00e9s par le secteur priv\u00e9<\/td>\n<td>27,505<\/td>\n<td>27,750<\/td>\n<td>28,250<\/td>\n<\/tr>\n<tr>\n<td><\/td>\n<td>R\u00e9fugi\u00e9s r\u00e9install\u00e9s \u2013 R\u00e9fugi\u00e9s d\u00e9sign\u00e9s par un bureau des visas au titre du Programme mixte<\/td>\n<td>250<\/td>\n<td>250<\/td>\n<td>250<\/td>\n<\/tr>\n<tr>\n<td><\/td>\n<td><strong>Total \u2013 R\u00e9fugi\u00e9s et personnes prot\u00e9g\u00e9es<\/strong><\/td>\n<td><strong>76,305<\/strong><\/td>\n<td><strong>76,115<\/strong><\/td>\n<td><strong>72,750<\/strong><\/td>\n<\/tr>\n<tr>\n<td>Circonstances d\u2019ordre humanitaire et autres<\/td>\n<td><strong>Total \u2013 Circonstances d\u2019ordre humanitaire et autres<\/strong><\/td>\n<td><strong>15,985<\/strong><\/td>\n<td><strong>13,750<\/strong><\/td>\n<td><strong>8,000<\/strong><\/td>\n<\/tr>\n<\/tbody>\n<\/table>\n<p>&nbsp;<\/p>\n","protected":false},"excerpt":{"rendered":"<p>Le Premier ministre canadien Justin Trudeau a d\u00e9clar\u00e9 que le Qu\u00e9bec est en mesure d&rsquo;accueillir 112 000 immigrants par an, r\u00e9futant ainsi les affirmations du Premier ministre provincial Fran\u00e7ois Legault. Le chef lib\u00e9ral affirme que la province francophone pourrait facilement faire en sorte que la grande majorit\u00e9 de ces nouveaux arrivants soient francophones. \u00ab\u00a0Le Qu\u00e9bec&hellip;<\/p>\n","protected":false},"author":16,"featured_media":80045,"comment_status":"closed","ping_status":"closed","sticky":false,"template":"","format":"standard","meta":{"_acf_changed":false,"footnotes":""},"categories":[3415,4859,10558,20659],"tags":[5292,69256,69175,57411],"class_list":["post-108199","post","type-post","status-publish","format-standard","has-post-thumbnail","hentry","category-immigration-au-canada","category-lactualite-canadienne","category-provincial-news-fr","category-quebec-news-fr","tag-canada-immigration-fr","tag-francois-legault-fr","tag-justin-trudeau-fr","tag-quebec-immigration-fr","category-3415","category-4859","category-10558","category-20659","description-off"],"acf":[],"_links":{"self":[{"href":"https:\/\/immigration.ca\/fr\/wp-json\/wp\/v2\/posts\/108199","targetHints":{"allow":["GET"]}}],"collection":[{"href":"https:\/\/immigration.ca\/fr\/wp-json\/wp\/v2\/posts"}],"about":[{"href":"https:\/\/immigration.ca\/fr\/wp-json\/wp\/v2\/types\/post"}],"author":[{"embeddable":true,"href":"https:\/\/immigration.ca\/fr\/wp-json\/wp\/v2\/users\/16"}],"replies":[{"embeddable":true,"href":"https:\/\/immigration.ca\/fr\/wp-json\/wp\/v2\/comments?post=108199"}],"version-history":[{"count":0,"href":"https:\/\/immigration.ca\/fr\/wp-json\/wp\/v2\/posts\/108199\/revisions"}],"wp:featuredmedia":[{"embeddable":true,"href":"https:\/\/immigration.ca\/fr\/wp-json\/wp\/v2\/media\/80045"}],"wp:attachment":[{"href":"https:\/\/immigration.ca\/fr\/wp-json\/wp\/v2\/media?parent=108199"}],"wp:term":[{"taxonomy":"category","embeddable":true,"href":"https:\/\/immigration.ca\/fr\/wp-json\/wp\/v2\/categories?post=108199"},{"taxonomy":"post_tag","embeddable":true,"href":"https:\/\/immigration.ca\/fr\/wp-json\/wp\/v2\/tags?post=108199"}],"curies":[{"name":"wp","href":"https:\/\/api.w.org\/{rel}","templated":true}]}}