{"id":107162,"date":"2022-11-17T17:15:00","date_gmt":"2022-11-17T22:15:00","guid":{"rendered":"https:\/\/immigration.ca\/ppc-leader-wants-to-put-brakes-on-ever-increasing-immigration-to-canada\/"},"modified":"2023-02-20T11:21:23","modified_gmt":"2023-02-20T16:21:23","slug":"ppc-leader-wants-to-put-brakes-on-ever-increasing-immigration-to-canada","status":"publish","type":"post","link":"https:\/\/immigration.ca\/fr\/ppc-leader-wants-to-put-brakes-on-ever-increasing-immigration-to-canada\/","title":{"rendered":"Le chef du PPC veut mettre un frein \u00e0 l&rsquo;immigration toujours croissante au Canada"},"content":{"rendered":"<p style=\"font-weight: 400;\">Le chef du Parti populaire du Canada (PPC), Maxime Bernier, affirme que les objectifs ambitieux d&rsquo;Ottawa en mati\u00e8re d&rsquo;immigration pour les prochaines ann\u00e9es, qui culmineront \u00e0 500 000 nouveaux r\u00e9sidents permanents en 2025, ne sont tout simplement pas viables.<\/p>\n<p style=\"font-weight: 400;\">\u00ab\u00a0C&rsquo;est une immigration de masse\u00a0\u00bb, a d\u00e9clar\u00e9 le leader du r\u00e9cent parti de droite dans un reportage de Rebel News. \u00ab\u00a0Oui, nous devons avoir une immigration durable mais nous croyons que nous devons avoir une immigration inf\u00e9rieure \u00e0 ce nombre\u00a0\u00bb.<\/p>\n<p style=\"font-weight: 400;\">Lors de la derni\u00e8re \u00e9lection f\u00e9d\u00e9rale, le PPC a obtenu 4,9 pour cent du vote populaire et n&rsquo;a pas r\u00e9ussi \u00e0 \u00e9lire un seul candidat \u00e0 la Chambre des communes. Le parti obtient r\u00e9guli\u00e8rement moins de cinq pour cent du soutien populaire.<\/p>\n<hr \/>\n<p style=\"font-weight: 400;\"><strong>En savoir plus<\/strong><\/p>\n<p style=\"font-weight: 400;\"><a href=\"https:\/\/immigration.ca\/fr\/how-to-immigrate-to-the-canadian-province-of-british-columbia\/\">Comment immigrer dans la province canadienne de la Colombie-Britannique<\/a><\/p>\n<p style=\"font-weight: 400;\"><a href=\"https:\/\/immigration.ca\/fr\/saskatchewan-pnp-draw-province-issues-35-canada-immigration-invitations\/\">Tirage du PCP de la Saskatchewan\u00a0: la province \u00e9met 35\u00a0invitations \u00e0 l&rsquo;immigration canadienne<\/a><\/p>\n<p style=\"font-weight: 400;\"><a href=\"https:\/\/immigration.ca\/fr\/canada-to-welcome-unprecedented-1-45-million-immigrants-in-next-three-years\/\">Le Canada accueillera un nombre sans pr\u00e9c\u00e9dent de 1,45 million d&rsquo;immigrants au cours des trois prochaines ann\u00e9es<\/a><\/p>\n<hr \/>\n<p style=\"font-weight: 400;\">Mais Bernier n&rsquo;est pas le seul \u00e0 s&rsquo;interroger ouvertement sur la capacit\u00e9 du Canada \u00e0 maintenir son taux d&rsquo;immigration record.<\/p>\n<p style=\"font-weight: 400;\">Dans la foul\u00e9e du dernier Plan des niveaux d\u2019immigration 2023-2025 du ministre de l\u2019Immigration, Sean Fraser, le gouvernement de la province francophone du Qu\u00e9bec a indiqu\u00e9 qu\u2019il n\u2019accepterait pas beaucoup plus d\u2019immigrants qu\u2019il n\u2019en accueille d\u00e9j\u00e0 dans la province.<\/p>\n<p style=\"font-weight: 400;\">En vertu d\u2019une entente provinciale-f\u00e9d\u00e9rale, la part annuelle des nouveaux r\u00e9sidents permanents du Qu\u00e9bec doit \u00eatre \u00e9gale \u00e0 son poids d\u00e9mographique au Canada. \u00c9tant donn\u00e9 que la province compte 23 % de la population du pays, un objectif national d\u2019immigration de 465 000 nouveaux r\u00e9sidents permanents signifierait que le Qu\u00e9bec pourrait accepter jusqu\u2019\u00e0 106 950 nouveaux r\u00e9sidents permanents l\u2019an prochain.<\/p>\n<p style=\"font-weight: 400;\">D\u2019ici 2025, ce nombre passerait \u00e0 115 000.<\/p>\n<p style=\"font-weight: 400;\">Le ministre de l&rsquo;Immigration du Qu\u00e9bec, Christine Fr\u00e9chette, dit \u00ab\u00a0non, merci\u00a0\u00bb \u00e0 cela.<\/p>\n<p style=\"font-weight: 400;\">\u00ab\u00a0C\u2019est au Qu\u00e9bec de d\u00e9terminer ses cibles d&rsquo;immigration permanente\u00a0\u00bb, a tweet\u00e9 en fran\u00e7ais le nouveau ministre de l&rsquo;Immigration. \u00ab\u00a0Le seuil au Qu\u00e9bec est maintenant de 50 000 (nouveaux r\u00e9sidents permanents) afin de respecter notre capacit\u00e9 d\u2019accueil, de francisation et d\u2019int\u00e9gration.\u00a0\u00bb<\/p>\n<p style=\"font-weight: 400;\">Le ministre de l&rsquo;Immigration de la province francophone a soutenu que le Qu\u00e9bec accueille d\u00e9j\u00e0 proportionnellement plus d&rsquo;immigrants que ne le font les \u00c9tats-Unis ou la France.<\/p>\n<p style=\"font-weight: 400;\">\u00ab\u00a0Notre position demeure la m\u00eame : on a besoin de plus de pouvoirs en immigration si on veut prot\u00e9ger le fran\u00e7ais\u00a0\u00bb, a tweet\u00e9 Mme Fr\u00e9chette.<\/p>\n<h3 style=\"font-weight: 400;\"><strong>La perte possible de la culture canadienne en raison de la forte immigration est d\u00e9plor\u00e9e sur Twitter.<\/strong><\/h3>\n<p style=\"font-weight: 400;\">La position du chef du PPC semble faire \u00e9cho aux pr\u00e9occupations du Qu\u00e9bec quant \u00e0 la capacit\u00e9 du Canada d\u2019int\u00e9grer autant d\u2019immigrants.<\/p>\n<p style=\"font-weight: 400;\">\u00ab\u00a0Un demi-million. C\u2019est la population de Terre-Neuve chaque ann\u00e9e au Canada \u00bb, a d\u00e9clar\u00e9 Bernier. \u00ab Chaque ann\u00e9e, nous aurons un nouveau Terre-Neuve au Canada.\u00bb<\/p>\n<p style=\"font-weight: 400;\">Selon les derniers chiffres, Terre-Neuve-et-Labrador compte pr\u00e8s de 526 000 habitants, dont environ 94 %, soit quelque 494 440 personnes, vivent sur l&rsquo;\u00eele de Terre-Neuve et ses petites \u00eeles, et le reste de la population se trouvant au Labrador.<\/p>\n<p style=\"font-weight: 400;\">Dans une entrevue vid\u00e9o avec le fondateur de Rebel News, Ezra Levant, le chef du PPC s\u2019est moqu\u00e9 de l\u2019id\u00e9e qu\u2019une <a href=\"https:\/\/immigration.ca\/fr\/pourquoi-limmigration-est-vitale-la-future-croissance-economique-du-canada\/\">plus grande immigration est n\u00e9cessaire pour faire cro\u00eetre l\u2019\u00e9conomie canadienne.<\/a><\/p>\n<p style=\"font-weight: 400;\">\u00ab\u00a0On n\u2019a pas besoin de plus de gens pour avoir la prosp\u00e9rit\u00e9 et la croissance \u00e9conomique\u00a0\u00bb, a-t-il d\u00e9clar\u00e9. \u00ab Il y a de petits pays qui sont tr\u00e8s prosp\u00e8res. Le plus important, c\u2019est d\u2019augmenter notre pouvoir d\u2019achat, notre niveau de vie. \u00bb<\/p>\n<p style=\"font-weight: 400;\">Sur Twitter, plusieurs utilisateurs craignaient que les objectifs \u00e9lev\u00e9s d\u2019immigration du Canada entra\u00eeneraient une perte de la culture canadienne, une surcharge des infrastructures et du syst\u00e8me de sant\u00e9 du pays et une augmentation des prix des logements.<\/p>\n<p style=\"font-weight: 400;\">\u00ab\u00a0Le PPC est le seul parti contre ce nombre insoutenable, (qui) mettra plus de pression sur notre infrastructure et nos soins de sant\u00e9 merdiques\u00a0\u00bb, a tweet\u00e9 un utilisateur. \u00ab\u00a0(Cela) mettra aussi une pression immense sur nos logements, rendra les choses encore plus ch\u00e8res.\u00a0\u00bb<\/p>\n<hr \/>\n<p><strong>Regarder la vid\u00e9o<\/strong><\/p>\n<p><iframe title=\"YouTube video player\" src=\"https:\/\/www.youtube.com\/embed\/2WIqzzzTfYM\" width=\"560\" height=\"315\" frameborder=\"0\" allowfullscreen=\"allowfullscreen\"><\/iframe><\/p>\n<hr \/>\n<h3 style=\"font-weight: 400;\"><strong>Les immigrants sont bl\u00e2m\u00e9s par le chef du PPC, au moins en partie, pour la crise de l&rsquo;accessibilit\u00e9 au logement.<\/strong><\/h3>\n<p style=\"font-weight: 400;\">Comme de nombreux immigrants choisissent de vivre dans les plus grandes villes du Canada, l&rsquo;immigration record ne fait qu&rsquo;alimenter l&rsquo;inflation sur le march\u00e9 du logement, a affirm\u00e9 M. Bernier.<\/p>\n<p style=\"font-weight: 400;\">\u00ab\u00a0La r\u00e9ponse facile aux prix des maisons qui augmentent \u00e0 Toronto et \u00e0 Vancouver est d&rsquo;arr\u00eater l&rsquo;immigration de masse\u00a0\u00bb, a-t-il dit. \u00ab\u00a0Cela aidera.\u00a0\u00bb<\/p>\n<p style=\"font-weight: 400;\">Le chef du PPC souhaite que le Canada stimule l&rsquo;immigration \u00e9conomique pour combler les emplois vacants tout en r\u00e9duisant le nombre de <a href=\"https:\/\/immigration.ca\/fr\/protection-des-refugies\/\">r\u00e9fugi\u00e9s<\/a> et de membres de la famille \u00e9largie, y compris ceux qui arrivent dans le cadre du <a href=\"https:\/\/immigration.ca\/fr\/pourquoi-limmigration-est-vitale-la-future-croissance-economique-du-canada\/\">Programme des parents et grands-parents<\/a> (PGP), afin de minimiser ce qu&rsquo;il per\u00e7oit comme les impacts n\u00e9gatifs de l&rsquo;immigration.<\/p>\n<p style=\"font-weight: 400;\">Bernier a \u00e9galement cibl\u00e9 ceux qui viennent au Canada \u00e0 travers des points d\u2019entr\u00e9e non autoris\u00e9s, se moquant de l\u2019id\u00e9e que ceux qui portent des bagages et des sacs Gucci et traversent la fronti\u00e8re pour entrer au Qu\u00e9bec du New York aux \u00c9tats-Unis sont de \u00ab\u00a0vrais r\u00e9fugi\u00e9s\u00a0\u00bb.<\/p>\n<p style=\"font-weight: 400;\">\u00ab\u00a0Nous sommes le seul parti qui dit qu&rsquo;il faut arr\u00eater cela\u00a0\u00bb, a-t-il d\u00e9clar\u00e9.<\/p>\n","protected":false},"excerpt":{"rendered":"<p>Le chef du Parti populaire du Canada (PPC), Maxime Bernier, affirme que les objectifs ambitieux d&rsquo;Ottawa en mati\u00e8re d&rsquo;immigration pour les prochaines ann\u00e9es, qui culmineront \u00e0 500 000 nouveaux r\u00e9sidents permanents en 2025, ne sont tout simplement pas viables. \u00ab\u00a0C&rsquo;est une immigration de masse\u00a0\u00bb, a d\u00e9clar\u00e9 le leader du r\u00e9cent parti de droite dans un&hellip;<\/p>\n","protected":false},"author":16,"featured_media":107145,"comment_status":"closed","ping_status":"closed","sticky":false,"template":"","format":"standard","meta":{"_acf_changed":false,"footnotes":""},"categories":[3415,4859],"tags":[5292,71995,72143,72144,68102],"class_list":["post-107162","post","type-post","status-publish","format-standard","has-post-thumbnail","hentry","category-immigration-au-canada","category-lactualite-canadienne","tag-canada-immigration-fr","tag-economic-immigration-fr","tag-maxime-bernier-fr","tag-ppc-fr","tag-quebec-fr","category-3415","category-4859","description-off"],"acf":[],"_links":{"self":[{"href":"https:\/\/immigration.ca\/fr\/wp-json\/wp\/v2\/posts\/107162","targetHints":{"allow":["GET"]}}],"collection":[{"href":"https:\/\/immigration.ca\/fr\/wp-json\/wp\/v2\/posts"}],"about":[{"href":"https:\/\/immigration.ca\/fr\/wp-json\/wp\/v2\/types\/post"}],"author":[{"embeddable":true,"href":"https:\/\/immigration.ca\/fr\/wp-json\/wp\/v2\/users\/16"}],"replies":[{"embeddable":true,"href":"https:\/\/immigration.ca\/fr\/wp-json\/wp\/v2\/comments?post=107162"}],"version-history":[{"count":0,"href":"https:\/\/immigration.ca\/fr\/wp-json\/wp\/v2\/posts\/107162\/revisions"}],"wp:featuredmedia":[{"embeddable":true,"href":"https:\/\/immigration.ca\/fr\/wp-json\/wp\/v2\/media\/107145"}],"wp:attachment":[{"href":"https:\/\/immigration.ca\/fr\/wp-json\/wp\/v2\/media?parent=107162"}],"wp:term":[{"taxonomy":"category","embeddable":true,"href":"https:\/\/immigration.ca\/fr\/wp-json\/wp\/v2\/categories?post=107162"},{"taxonomy":"post_tag","embeddable":true,"href":"https:\/\/immigration.ca\/fr\/wp-json\/wp\/v2\/tags?post=107162"}],"curies":[{"name":"wp","href":"https:\/\/api.w.org\/{rel}","templated":true}]}}