{"id":106778,"date":"2022-11-04T11:43:13","date_gmt":"2022-11-04T15:43:13","guid":{"rendered":"https:\/\/immigration.ca\/canada-commits-1-6-billion-to-deliver-ambitious-immigration-levels-plan\/"},"modified":"2023-02-20T11:12:56","modified_gmt":"2023-02-20T16:12:56","slug":"canada-commits-1-6-billion-to-deliver-ambitious-immigration-levels-plan","status":"publish","type":"post","link":"https:\/\/immigration.ca\/fr\/canada-commits-1-6-billion-to-deliver-ambitious-immigration-levels-plan\/","title":{"rendered":"Le Canada engage 1,6 milliard de dollars pour mettre en \u0153uvre un plan ambitieux sur les niveaux d&rsquo;immigration"},"content":{"rendered":"<p style=\"font-weight: 400;\">Le Canada d\u00e9pensera 1,6 milliard de dollars sur six ans et 315 millions de dollars par an par la suite pour le traitement et l&rsquo;\u00e9tablissement des nouveaux immigrants qu&rsquo;il accueillera dans le cadre de son ambitieux plan des niveaux d&rsquo;immigration de 2023 \u00e0 2025.<\/p>\n<p style=\"font-weight: 400;\">L&rsquo;\u00c9nonc\u00e9 \u00e9conomique de l&rsquo;automne du gouvernement f\u00e9d\u00e9ral a \u00e9galement allou\u00e9 50 millions de dollars cette ann\u00e9e et l&rsquo;ann\u00e9e prochaine sp\u00e9cifiquement destin\u00e9s \u00e0 s&rsquo;attaquer \u00e0 un arri\u00e9r\u00e9 de traitement paralysant.<\/p>\n<p style=\"font-weight: 400;\">La ministre des Finances, Chrystia Freeland, a donn\u00e9 un aper\u00e7u de ces d\u00e9penses dans son annonce budg\u00e9taire de jeudi.<\/p>\n<hr \/>\n<p style=\"font-weight: 400;\"><strong>En savoir plus<\/strong><\/p>\n<p style=\"font-weight: 400;\"><a href=\"https:\/\/immigration.ca\/fr\/canada-to-welcome-unprecedented-1-45-million-immigrants-in-next-three-years\/\">Le Canada accueillera un nombre sans pr\u00e9c\u00e9dent de 1,45 million d&rsquo;immigrants au cours des trois prochaines ann\u00e9es<\/a><\/p>\n<p style=\"font-weight: 400;\"><a href=\"https:\/\/immigration.ca\/fr\/quebec-could-increase-immigration-to-more-than-100000-but-it-only-wants-50000\/\">Le Qu\u00e9bec pourrait augmenter l&rsquo;immigration \u00e0 plus de 100 000, mais il n&rsquo;en veut que 50 000<\/a><\/p>\n<p style=\"font-weight: 400;\"><a href=\"https:\/\/immigration.ca\/fr\/canadians-overwhelmingly-support-record-breaking-immigration-to-the-country-reveals-poll\/\">Les Canadiens soutiennent massivement l&rsquo;immigration record dans le pays, r\u00e9v\u00e8le un sondage<\/a><\/p>\n<hr \/>\n<p style=\"font-weight: 400;\">Cela survient apr\u00e8s que le ministre de l&rsquo;Immigration Sean Fraser a d\u00e9pos\u00e9 le dernier plan des niveaux d&rsquo;immigration plus t\u00f4t cette semaine, qui verra le Canada accueillir 1,45 million d&rsquo;immigrants au cours des trois prochaines ann\u00e9es.<\/p>\n<p style=\"font-weight: 400;\">Les niveaux annuels passeront \u00e0 500 000 d&rsquo;ici 2025, domin\u00e9s par la classe \u00e9conomique.<\/p>\n<p style=\"font-weight: 400;\">\u00ab\u00a0L\u2019\u00c9nonc\u00e9 \u00e9conomique de l\u2019automne\u00a0d\u2019aujourd\u2019hui vise principalement \u00e0 b\u00e2tir une \u00e9conomie qui fonctionne pour tous \u2013 une \u00e9conomie qui cr\u00e9e de bons emplois et qui rend la vie plus abordable pour les Canadiens\u00a0\u00bb, a d\u00e9clar\u00e9 Freeland<\/p>\n<p style=\"font-weight: 400;\">\u00ab\u00a0Malgr\u00e9 les vents contraires ressentis \u00e0 l\u2019\u00e9chelle mondiale auxquels nous faisons face, les investissements que nous faisons aujourd\u2019hui rendront le Canada plus durable et plus prosp\u00e8re pour les g\u00e9n\u00e9rations \u00e0 venir.\u00a0\u00bb<\/p>\n<p style=\"font-weight: 400;\">L&rsquo;\u00c9nonc\u00e9 \u00e9conomique de l&rsquo;automne lui-m\u00eame d\u00e9crivait exactement \u00e0 quel point l&rsquo;immigration est devenue importante pour l&rsquo;\u00e9conomie canadienne, avec un nouveau record de plus de 430 000 nouveaux arrivants qui devraient \u00eatre accueillis cette ann\u00e9e.<\/p>\n<p style=\"font-weight: 400;\">\u00ab\u00a0L&rsquo;immigration est au c\u0153ur de notre identit\u00e9 en tant que Canadiens et est un facteur cl\u00e9 de la croissance \u00e9conomique du pays.\u00a0\u00bb indique le communiqu\u00e9.<\/p>\n<p style=\"font-weight: 400;\">Les immigrants qui arriveront au cours des trois prochaines ann\u00e9es contribueront \u00e0 combler les p\u00e9nuries persistantes de main-d&rsquo;\u0153uvre, y compris dans les domaines des soins de sant\u00e9, de la fabrication et des m\u00e9tiers de la construction \u00bb, indique le communiqu\u00e9.<\/p>\n<p style=\"font-weight: 400;\">\u00ab\u00a0Ces objectifs s&rsquo;appuient sur les mesures d\u00e9j\u00e0 prises par le gouvernement pour r\u00e9pondre aux besoins du march\u00e9 du travail canadien dans le cadre du syst\u00e8me Entr\u00e9e express\u00a0\u00bb, a-t-il d\u00e9clar\u00e9.<\/p>\n<p style=\"font-weight: 400;\">\u00ab\u00a0En m\u00eame temps, le gouvernement continuera d&rsquo;investir dans la capacit\u00e9 de traitement des demandes pour s&rsquo;assurer que toutes les demandes sont trait\u00e9es le plus rapidement possible et \u00e9liminer les arri\u00e9r\u00e9s.\u00a0\u00bb<\/p>\n<p style=\"font-weight: 400;\">Les augmentations d&rsquo;immigration annonc\u00e9es par Fraser comprennent 301 250 nouveaux immigrants dans la cat\u00e9gorie \u00e9conomique seulement, alors que le Canada poursuit son engagement \u00e0 aider les entreprises aux prises avec des p\u00e9nuries chroniques de main-d&rsquo;\u0153uvre.<\/p>\n<p style=\"font-weight: 400;\">L&rsquo;immigration repr\u00e9sente pr\u00e8s de 100 % de la croissance de la population active du Canada et, d&rsquo;ici 2032, elle devrait repr\u00e9senter 100 % de la croissance d\u00e9mographique du Canada, selon Immigration, R\u00e9fugi\u00e9s et Citoyennet\u00e9 Canada.<\/p>\n<hr \/>\n<p><strong>Regarder la vid\u00e9o<\/strong><\/p>\n<p><iframe title=\"YouTube video player\" src=\"https:\/\/www.youtube.com\/embed\/2WIqzzzTfYM\" width=\"560\" height=\"315\" frameborder=\"0\" allowfullscreen=\"allowfullscreen\"><\/iframe><\/p>\n<hr \/>\n<h3>Plan des niveaux d\u2019immigration du Canada de 2023 \u00e0 2025<\/h3>\n<table style=\"font-weight: 400;\" width=\"705\">\n<tbody>\n<tr>\n<td width=\"120\">&nbsp;<\/td>\n<td width=\"206\">&nbsp;<\/td>\n<td width=\"152\">2023<\/td>\n<td width=\"107\">2024<\/td>\n<td width=\"121\">2025<\/td>\n<\/tr>\n<tr>\n<td width=\"120\"><\/td>\n<td width=\"206\">Nombre global d\u2019admissions pr\u00e9vues<\/td>\n<td width=\"152\">465,000<\/td>\n<td width=\"107\">485,000<\/td>\n<td width=\"121\">500,000<\/td>\n<\/tr>\n<tr>\n<td width=\"120\">\u00c9conomique<\/td>\n<td width=\"206\">Travailleurs hautement qualifi\u00e9s (f\u00e9d\u00e9ral)<\/td>\n<td width=\"152\">82,880<\/td>\n<td width=\"107\">109,020<\/td>\n<td width=\"121\">114,000<\/td>\n<\/tr>\n<tr>\n<td width=\"120\"><\/td>\n<td width=\"206\">Politiques d\u2019int\u00e9r\u00eat public du volet f\u00e9d\u00e9ral de la cat\u00e9gorie de l\u2019immigration \u00e9conomique<\/td>\n<td width=\"152\">25,000<\/td>\n<td width=\"107\">\u2013<\/td>\n<td width=\"121\">\u2013<\/td>\n<\/tr>\n<tr>\n<td width=\"120\"><\/td>\n<td width=\"206\">Gens d\u2019affaires (f\u00e9d\u00e9ral)<\/td>\n<td width=\"152\">3,500<\/td>\n<td width=\"107\">5,000<\/td>\n<td width=\"121\">6,000<\/td>\n<\/tr>\n<tr>\n<td width=\"120\"><\/td>\n<td width=\"206\">Programmes pilotes \u00e9conomiques.<\/p>\n<p>Aides familiaux;<\/p>\n<p>Programme pilote d\u2019agroalimentaire;<\/p>\n<p>Programme pilote d\u2019immigration dans les communaut\u00e9s rurale et du Nord;<\/p>\n<p>Projet pilote sur la voie d\u2019acc\u00e8s \u00e0 la mobilit\u00e9 \u00e9conomique<\/td>\n<td width=\"152\">8,500<\/td>\n<td width=\"107\">12,125<\/td>\n<td width=\"121\">14,750<\/td>\n<\/tr>\n<tr>\n<td width=\"120\"><\/td>\n<td width=\"206\">Programme d\u2019immigration au Canada atlantique<\/td>\n<td width=\"152\">8,500<\/td>\n<td width=\"107\">11,500<\/td>\n<td width=\"121\">14,500<\/td>\n<\/tr>\n<tr>\n<td width=\"120\"><\/td>\n<td width=\"206\">Programme des candidates des provinces<\/td>\n<td width=\"152\">105,500<\/td>\n<td width=\"107\">110,000<\/td>\n<td width=\"121\">117,500<\/td>\n<\/tr>\n<tr>\n<td width=\"120\"><\/td>\n<td width=\"206\">Immigration des travailleurs qualifi\u00e9s et des gens d\u2019affaires (Qu\u00e9bec)<\/td>\n<td width=\"152\">Voir le plan d\u2019immigration du Qu\u00e9bec<\/td>\n<td width=\"107\">\u00c0 d\u00e9terminer<\/td>\n<td width=\"121\">\u00c0 d\u00e9terminer<\/td>\n<\/tr>\n<tr>\n<td width=\"120\"><\/td>\n<td width=\"206\"><strong>Total \u2013 Immigration \u00e9conomique<\/strong><\/td>\n<td width=\"152\"><strong>266,210<\/strong><\/td>\n<td width=\"107\"><strong>281,135<\/strong><\/td>\n<td width=\"121\"><strong>301,250<\/strong><\/td>\n<\/tr>\n<tr>\n<td width=\"120\">Regroupement familial<\/td>\n<td width=\"206\">\u00c9poux, conjoints de fait, partenaires conjugaux et enfants<\/td>\n<td width=\"152\">78,000<\/td>\n<td width=\"107\">80,000<\/td>\n<td width=\"121\">82,000<\/td>\n<\/tr>\n<tr>\n<td width=\"120\"><\/td>\n<td width=\"206\">Parents et grands-parents<\/td>\n<td width=\"152\">28,500<\/td>\n<td width=\"107\">34,000<\/td>\n<td width=\"121\">36,000<\/td>\n<\/tr>\n<tr>\n<td width=\"120\"><\/td>\n<td width=\"206\"><strong>Total \u2013 Regroupement familial<\/strong><\/td>\n<td width=\"152\"><strong>106,500<\/strong><\/td>\n<td width=\"107\"><strong>114,000<\/strong><\/td>\n<td width=\"121\"><strong>118,000<\/strong><\/td>\n<\/tr>\n<tr>\n<td width=\"120\">R\u00e9fugi\u00e9s et personnes prot\u00e9g\u00e9es<\/td>\n<td width=\"206\">Personnes prot\u00e9g\u00e9es au Canada et personnes \u00e0 charge \u00e0 l\u2019\u00e9tranger<\/td>\n<td width=\"152\">25,000<\/td>\n<td width=\"107\">27,000<\/td>\n<td width=\"121\">29,000<\/td>\n<\/tr>\n<tr>\n<td width=\"120\"><\/td>\n<td width=\"206\">R\u00e9fugi\u00e9s r\u00e9install\u00e9s \u2013 R\u00e9fugi\u00e9s pris en charge par le gouvernement<\/td>\n<td width=\"152\">23,550<\/td>\n<td width=\"107\">21,115<\/td>\n<td width=\"121\">15,250<\/td>\n<\/tr>\n<tr>\n<td width=\"120\"><\/td>\n<td width=\"206\">R\u00e9fugi\u00e9s r\u00e9install\u00e9s \u2013 R\u00e9fugi\u00e9s parrain\u00e9s par le secteur priv\u00e9<\/td>\n<td width=\"152\">27,505<\/td>\n<td width=\"107\">27,750<\/td>\n<td width=\"121\">28,250<\/td>\n<\/tr>\n<tr>\n<td width=\"120\"><\/td>\n<td width=\"206\">R\u00e9fugi\u00e9s r\u00e9install\u00e9s \u2013 R\u00e9fugi\u00e9s d\u00e9sign\u00e9s par un bureau des visas au titre du Programme mixte<\/td>\n<td width=\"152\">250<\/td>\n<td width=\"107\">250<\/td>\n<td width=\"121\">250<\/td>\n<\/tr>\n<tr>\n<td width=\"120\"><\/td>\n<td width=\"206\"><strong>Total \u2013 R\u00e9fugi\u00e9s et personnes prot\u00e9g\u00e9es<\/strong><\/td>\n<td width=\"152\"><strong>76,305<\/strong><\/td>\n<td width=\"107\"><strong>76,115<\/strong><\/td>\n<td width=\"121\"><strong>72,750<\/strong><\/td>\n<\/tr>\n<tr>\n<td width=\"120\">Circonstances d\u2019ordre humanitaire et autres<\/td>\n<td width=\"206\"><strong>Total \u2013 Circonstances d\u2019ordre humanitaire et autres<\/strong><\/td>\n<td width=\"152\"><strong>15,985<\/strong><\/td>\n<td width=\"107\"><strong>13,750<\/strong><\/td>\n<td width=\"121\"><strong>8,000<\/strong><\/td>\n<\/tr>\n<\/tbody>\n<\/table>\n<p style=\"font-weight: 400;\">\n<h3 style=\"font-weight: 400;\"><strong>Cat\u00e9gorie de l\u2019immigration \u00e9conomique<\/strong><\/h3>\n<p style=\"font-weight: 400;\">Le Programme des candidats des provinces et les cat\u00e9gories des travailleurs qualifi\u00e9s (f\u00e9d\u00e9ral) domineront les nouveaux arrivants de la classe \u00e9conomique.<\/p>\n<p style=\"font-weight: 400;\">Les nouveaux arrivants du PCP compteront 105 000 nouveaux r\u00e9sidents permanents en 2023, 110 000 en 2024 et 117 500 en 2025.<\/p>\n<p style=\"font-weight: 400;\">Le Canada accueillera \u00e9galement 82\u00a0880, 109\u00a0020 et 114\u00a0000 en 2023, 2024 et 2025 respectivement par le biais du volet des travailleurs hautement qualifi\u00e9s (f\u00e9d\u00e9ral), principalement g\u00e9r\u00e9 par Entr\u00e9e express.<\/p>\n<p style=\"font-weight: 400;\">Ce volet comprend les nouveaux arrivants par le biais des programmes des travailleurs qualifi\u00e9s (f\u00e9d\u00e9ral), Le Programme des travailleurs de m\u00e9tiers sp\u00e9cialis\u00e9s (f\u00e9d\u00e9ral), et de la cat\u00e9gorie de l&rsquo;exp\u00e9rience canadienne.<\/p>\n<p style=\"font-weight: 400;\">Le programme d&rsquo;immigration au Canada Atlantique passera \u00e9galement \u00e0 14 500 nouveaux arrivants d&rsquo;ici 2025, et les autres pilotes \u00e9conomiques \u00e0 14 750.<\/p>\n<h3 style=\"font-weight: 400;\"><strong>La cat\u00e9gorie du regroupement familial<\/strong><\/h3>\n<p style=\"font-weight: 400;\">La cat\u00e9gorie du regroupement familial au Canada passera \u00e0 106 500 en 2023, puis \u00e0 114 000 en 2024 et \u00e0 118 000 en 2025.<\/p>\n<p style=\"font-weight: 400;\">La plupart des nouveaux arrivants au titre du parrainage familial seront des conjoints, des partenaires et des enfants, passant \u00e0 82 000 d&rsquo;ici 2025. Cependant, il y aura \u00e9galement de la place pour un nombre record de parents et de grands-parents, soit 36 000 d&rsquo;ici 2025.<\/p>\n<h3 style=\"font-weight: 400;\"><strong>R\u00e9fugi\u00e9s<\/strong><\/h3>\n<p style=\"font-weight: 400;\">Le Canada continuera d&rsquo;accueillir un grand nombre de r\u00e9fugi\u00e9s, dont 76\u00a0305 en 2023, 76\u00a0115 en 2024 et 72\u00a0750 en 2025.<\/p>\n<h3 style=\"font-weight: 400;\"><strong>Plus des points saillants du\u00a0Plan des niveaux d\u2019immigration 2023-2025<\/strong><\/h3>\n<ul>\n<li>Accent \u00e0 long terme sur la croissance \u00e9conomique, avec un peu plus de 60\u00a0% des admissions dans la cat\u00e9gorie de l\u2019immigration \u00e9conomique d\u2019ici\u00a02025<\/li>\n<li>Utilisation des nouvelles fonctionnalit\u00e9s du syst\u00e8me Entr\u00e9e express pour accueillir les nouveaux arrivants poss\u00e9dant les comp\u00e9tences et les qualifications recherch\u00e9es dans les secteurs aux prises avec des p\u00e9nuries criantes de main-d\u2019\u0153uvre, tels que les soins de sant\u00e9, les emplois sp\u00e9cialis\u00e9s, le secteur manufacturier et les STEM (sciences, technologie, ing\u00e9nierie et math\u00e9matique)<\/li>\n<li>Augmentation du nombre de programmes r\u00e9gionaux pour r\u00e9pondre aux besoins cibl\u00e9s du march\u00e9 du travail local, par l\u2019interm\u00e9diaire du Programme des candidats des provinces, du Programme d\u2019immigration au Canada atlantique et du Programme pilote d\u2019immigration dans les communaut\u00e9s rurales et du Nord<\/li>\n<li>R\u00e9unir de plus de familles, plus rapidement<\/li>\n<li>Veiller \u00e0 ce qu\u2019au moins 4,4\u00a0% des nouveaux r\u00e9sidents permanents hors Qu\u00e9bec sont francophones<\/li>\n<li>Prestation d\u2019un soutien pour les crises mondiales en offrant un refuge s\u00fbr aux victimes de pers\u00e9cution, notamment en \u00e9largissant le Projet pilote sur la voie d\u2019acc\u00e8s \u00e0 la mobilit\u00e9 \u00e9conomique<\/li>\n<\/ul>\n","protected":false},"excerpt":{"rendered":"<p>Le Canada d\u00e9pensera 1,6 milliard de dollars sur six ans et 315 millions de dollars par an par la suite pour le traitement et l&rsquo;\u00e9tablissement des nouveaux immigrants qu&rsquo;il accueillera dans le cadre de son ambitieux plan des niveaux d&rsquo;immigration de 2023 \u00e0 2025. L&rsquo;\u00c9nonc\u00e9 \u00e9conomique de l&rsquo;automne du gouvernement f\u00e9d\u00e9ral a \u00e9galement allou\u00e9 50&hellip;<\/p>\n","protected":false},"author":16,"featured_media":106761,"comment_status":"closed","ping_status":"closed","sticky":false,"template":"","format":"standard","meta":{"_acf_changed":false,"footnotes":""},"categories":[3415,4859],"tags":[59047,71577,70410],"class_list":["post-106778","post","type-post","status-publish","format-standard","has-post-thumbnail","hentry","category-immigration-au-canada","category-lactualite-canadienne","tag-canada-immigration-levels-plan-fr","tag-chrystia-freeland-fr","tag-fall-economic-statement-fr","category-3415","category-4859","description-off"],"acf":[],"_links":{"self":[{"href":"https:\/\/immigration.ca\/fr\/wp-json\/wp\/v2\/posts\/106778","targetHints":{"allow":["GET"]}}],"collection":[{"href":"https:\/\/immigration.ca\/fr\/wp-json\/wp\/v2\/posts"}],"about":[{"href":"https:\/\/immigration.ca\/fr\/wp-json\/wp\/v2\/types\/post"}],"author":[{"embeddable":true,"href":"https:\/\/immigration.ca\/fr\/wp-json\/wp\/v2\/users\/16"}],"replies":[{"embeddable":true,"href":"https:\/\/immigration.ca\/fr\/wp-json\/wp\/v2\/comments?post=106778"}],"version-history":[{"count":0,"href":"https:\/\/immigration.ca\/fr\/wp-json\/wp\/v2\/posts\/106778\/revisions"}],"wp:featuredmedia":[{"embeddable":true,"href":"https:\/\/immigration.ca\/fr\/wp-json\/wp\/v2\/media\/106761"}],"wp:attachment":[{"href":"https:\/\/immigration.ca\/fr\/wp-json\/wp\/v2\/media?parent=106778"}],"wp:term":[{"taxonomy":"category","embeddable":true,"href":"https:\/\/immigration.ca\/fr\/wp-json\/wp\/v2\/categories?post=106778"},{"taxonomy":"post_tag","embeddable":true,"href":"https:\/\/immigration.ca\/fr\/wp-json\/wp\/v2\/tags?post=106778"}],"curies":[{"name":"wp","href":"https:\/\/api.w.org\/{rel}","templated":true}]}}