{"id":10431,"date":"2016-09-07T17:11:55","date_gmt":"2016-09-07T17:11:55","guid":{"rendered":"https:\/\/immigrationca.staging.wpengine.com\/fr\/?p=10431"},"modified":"2016-09-07T17:23:10","modified_gmt":"2016-09-07T17:23:10","slug":"la-migration-vers-lalberta-est-frappee-par-la-chute-des-prix-du-petrole","status":"publish","type":"post","link":"https:\/\/immigration.ca\/fr\/la-migration-vers-lalberta-est-frappee-par-la-chute-des-prix-du-petrole\/","title":{"rendered":"La Migration vers l\u2019Alberta est Frapp\u00e9e par la Chute des Prix du P\u00e9trole"},"content":{"rendered":"<p>Pour la premi\u00e8re fois depuis 2010, le solde migratoire interprovincial a \u00e9t\u00e9 n\u00e9gatif pour l\u2019Alberta, ce qui signifie que plus de personnes ont quitt\u00e9 l&rsquo;Alberta que de personnes qui s\u2019y sont install\u00e9es. La baisse r\u00e9cente que le secteur de l&rsquo;\u00e9nergie conna\u00eet est avanc\u00e9e comme \u00e9tant la principale cause de ce d\u00e9clin.<\/p>\n<p>Le march\u00e9 du travail de l&rsquo;Alberta continue de se d\u00e9t\u00e9riorer, ce qui a \u00e9galement un impact n\u00e9gatif sur la migration. En f\u00e9vrier, le taux de ch\u00f4mage de l&rsquo;Alberta a atteint 7,9 pourcent, 2,5 pourcent de plus qu&rsquo;\u00e0 la m\u00eame p\u00e9riode en 2015.<\/p>\n<p>Selon Statistique Canada, on estime que 12,247 personnes ont quitt\u00e9 l&rsquo;Alberta pour d&rsquo;autres provinces et territoires au cours du trimestre, alors que 11,270 se sont d\u00e9plac\u00e9s d\u2019ailleurs au Canada vers la province.<\/p>\n<p>Cependant, ces sorties n&rsquo;ont pas emp\u00each\u00e9 la population de l&rsquo;Alberta d&rsquo;augmenter. Selon des estimations r\u00e9centes bas\u00e9es sur plusieurs ann\u00e9es Statistique Canada avance que l\u2019Alberta a connu la plus forte augmentation en pourcentage parmi toutes les provinces.<\/p>\n<p><strong>Les employeurs int\u00e9ress\u00e9s<\/strong> : veuillez nous contacter <a href=\"https:\/\/immigration.ca\/fr\/zone-employeurs-canadiens\/\">ici<\/a> pour recevoir de plus amples informations.<\/p>\n<p><strong>Les candidats int\u00e9ress\u00e9s<\/strong> : d\u00e9couvrez si vous \u00eates admissibles \u00e0 immigrer au Canada en remplissant notre <a href=\"https:\/\/immigration.ca\/fr\/formulaires-devaluation-gratuite-dimmigration\/\">\u00e9valuation gratuite en ligne<\/a>. Vous obtiendrez les r\u00e9sultats de votre \u00e9valuation en 1 \u00e0 2 jours ouvrables.<\/p>\n<p><strong>Articles R\u00e9cents\u00a0:<\/strong><\/p>\n<ul>\n<li><a href=\"https:\/\/immigration.ca\/fr\/le-taux-de-chomage-au-canada-son-plus-haut-en-3-ans-avec-lalberta-en-tete\/\">Le Taux de Ch\u00f4mage au Canada \u00e0 Son Plus Haut en 3 Ans Avec l\u2019Alberta en T\u00eate<\/a><\/li>\n<li><a href=\"https:\/\/immigration.ca\/fr\/le-canada-franchit-une-autre-etape-et-se-rapproche-de-la-ratification-du-traite-de-libre-echange-avec-lunion-europeenne\/\">Le Canada Franchit Une Autre \u00c9tape et se Rapproche de la Ratification du Trait\u00e9 de Libre-\u00c9change avec l\u2019Union europ\u00e9enne<\/a><\/li>\n<\/ul>\n","protected":false},"excerpt":{"rendered":"<p>Pour la premi\u00e8re fois depuis 2010, le solde migratoire interprovincial a \u00e9t\u00e9 n\u00e9gatif pour l\u2019Alberta, ce qui signifie que plus de personnes ont quitt\u00e9 l&rsquo;Alberta que de personnes qui s\u2019y sont install\u00e9es. La baisse r\u00e9cente que le secteur de l&rsquo;\u00e9nergie conna\u00eet est avanc\u00e9e comme \u00e9tant la principale cause de ce d\u00e9clin. Le march\u00e9 du travail&hellip;<\/p>\n","protected":false},"author":481,"featured_media":0,"comment_status":"closed","ping_status":"closed","sticky":false,"template":"","format":"standard","meta":{"_acf_changed":false,"footnotes":""},"categories":[4859,10558],"tags":[],"class_list":["post-10431","post","type-post","status-publish","format-standard","hentry","category-lactualite-canadienne","category-provincial-news-fr","category-4859","category-10558","description-off"],"acf":[],"_links":{"self":[{"href":"https:\/\/immigration.ca\/fr\/wp-json\/wp\/v2\/posts\/10431","targetHints":{"allow":["GET"]}}],"collection":[{"href":"https:\/\/immigration.ca\/fr\/wp-json\/wp\/v2\/posts"}],"about":[{"href":"https:\/\/immigration.ca\/fr\/wp-json\/wp\/v2\/types\/post"}],"author":[{"embeddable":true,"href":"https:\/\/immigration.ca\/fr\/wp-json\/wp\/v2\/users\/481"}],"replies":[{"embeddable":true,"href":"https:\/\/immigration.ca\/fr\/wp-json\/wp\/v2\/comments?post=10431"}],"version-history":[{"count":0,"href":"https:\/\/immigration.ca\/fr\/wp-json\/wp\/v2\/posts\/10431\/revisions"}],"wp:attachment":[{"href":"https:\/\/immigration.ca\/fr\/wp-json\/wp\/v2\/media?parent=10431"}],"wp:term":[{"taxonomy":"category","embeddable":true,"href":"https:\/\/immigration.ca\/fr\/wp-json\/wp\/v2\/categories?post=10431"},{"taxonomy":"post_tag","embeddable":true,"href":"https:\/\/immigration.ca\/fr\/wp-json\/wp\/v2\/tags?post=10431"}],"curies":[{"name":"wp","href":"https:\/\/api.w.org\/{rel}","templated":true}]}}