{"id":10204,"date":"2016-09-06T16:09:50","date_gmt":"2016-09-06T16:09:50","guid":{"rendered":"https:\/\/immigrationca.staging.wpengine.com\/fr\/?p=10204"},"modified":"2016-09-06T16:09:50","modified_gmt":"2016-09-06T16:09:50","slug":"les-liberaux-veulent-agir-rapidement-en-ce-qui-concerne-les-depenses-en-infrastructures","status":"publish","type":"post","link":"https:\/\/immigration.ca\/fr\/les-liberaux-veulent-agir-rapidement-en-ce-qui-concerne-les-depenses-en-infrastructures\/","title":{"rendered":"Les Lib\u00e9raux Veulent Agir Rapidement en ce qui Concerne les D\u00e9penses en Infrastructures"},"content":{"rendered":"<p>Une nouvelle session parlementaire ayant d\u00e9but\u00e9, les ministres se concentrent sur la cr\u00e9ation d&#8217;emplois comme priorit\u00e9 absolue tandis que le gouvernement lib\u00e9ral se pr\u00e9pare \u00e0 allouer rapidement des fonds pour les infrastructures afin d\u2019aider la relance de l&rsquo;\u00e9conomie.<\/p>\n<p>Pr\u00e8s de trois mois apr\u00e8s avoir form\u00e9 le gouvernement, les lib\u00e9raux font face \u00e0 un d\u00e9fi politique de taille: comment r\u00e9pondre aux mauvaises r\u00e9percussions \u00e9conomiques caus\u00e9es par le bas prix du baril ainsi qu\u2019un dollar canadien faible.<\/p>\n<p>Dominic LeBlanc, le leader parlementaire du gouvernement, a d\u00e9clar\u00e9: \u00ab Le gouvernement est conscient de la n\u00e9cessit\u00e9 de stimuler l&rsquo;\u00e9conomie. Le cabinet est toujours aux prises avec un nombre de d\u00e9cisions que nous allons prendre dans les semaines et les mois \u00e0 venir\u00a0\u00bb<\/p>\n<p>Le Premier ministre Justin Trudeau, qui est arriv\u00e9 au Canada apr\u00e8s plusieurs jours au Forum \u00e9conomique mondial en Suisse, devrait \u00eatre interrog\u00e9 par les partis d&rsquo;opposition sur la r\u00e9ponse du gouvernement face \u00e0 l&rsquo;\u00e9conomie canadienne d\u00e9clinante.<\/p>\n<p>LeBlanc a d\u00e9clar\u00e9 que le ministre des Finances Bill Morneau travaillait sur certaines d\u00e9cisions du gouvernement qui seront incluses dans le premier budget lib\u00e9ral. Il a ajout\u00e9 \u00e9galement que les lib\u00e9raux reconnaissaient que les circonstances \u00e9conomiques sont tr\u00e8s difficiles et que d&rsquo;\u00eatre prudent avec l&rsquo;argent des contribuables est d&rsquo;une importance capitale.<\/p>\n<p>La plate-forme lib\u00e9rale a promis un montant suppl\u00e9mentaire de 60 milliards de dollars pour les infrastructures au cours de la prochaine d\u00e9cennie, mais dont seulement 17,4 milliards de dollars seraient au cours des quatre prochaines ann\u00e9es.<\/p>\n<p>Avec l&rsquo;affaissement du p\u00e9trole et du dollar canadien, il y a une demande g\u00e9n\u00e9rale d\u2019augmenter les avantages fiscaux, ce qui conduirait presque certainement \u00e0 des d\u00e9ficits plus importants de l\u2019ordre de plus de 10 milliards de dollars par ann\u00e9e.<\/p>\n<p>Lors d&rsquo;une retraite du cabinet au Nouveau-Brunswick la semaine derni\u00e8re, Trudeau a d\u00e9clar\u00e9 que bien que son gouvernement cherche \u00e0 cr\u00e9er des emplois, celui-ci serait strat\u00e9gique dans la fa\u00e7on dont il investirait dans les infrastructures en mettant l&rsquo;accent sur des projets qui auront un impact durable en termes de productivit\u00e9 et croissance \u00e9conomique.<\/p>\n<p>Les lib\u00e9raux ont cibl\u00e9 trois domaines: le transport en commun, les projets verts et les infrastructures sociales tels que les logements abordables et les syst\u00e8mes d&rsquo;eaux us\u00e9es.<\/p>\n<p>Selon le ministre de l&rsquo;infrastructure et des Collectivit\u00e9s Amarjeet Sohi, le gouvernement travaille \u00e0 identifier des futurs projets d&rsquo;infrastructure, y compris ceux qui peuvent b\u00e9n\u00e9ficier de fonds inutilis\u00e9s mis de c\u00f4t\u00e9 par le gouvernement conservateur pr\u00e9c\u00e9dent. Il a promis des investissements qui seront \u00ab tr\u00e8s raisonn\u00e9s \u00bb et \u00ab tr\u00e8s pens\u00e9s\u00a0\u00bb.<\/p>\n<p>M. Sohi a ajout\u00e9: \u00ab La construction d\u2019infrastructure cr\u00e9e des emplois. Elle permet \u00e9galement la croissance \u00e0 long terme et am\u00e9liore notre productivit\u00e9. \u00bb<\/p>\n<p>M. Sohi a dit qu&rsquo;il se fondera sur des groupes locaux pour obtenir des conseils sur la fa\u00e7on dont les fonds f\u00e9d\u00e9raux pour infrastructures devraient \u00eatre d\u00e9pens\u00e9s dans leurs communaut\u00e9s. Les localit\u00e9s ont l&rsquo;expertise n\u00e9cessaire dit-il et le gouvernement ne veut pas adopter d\u2019approche \u00e0 \u00ab\u00a0l\u2019emporte-pi\u00e8ce\u00a0\u00bb.<\/p>\n<p>En dehors de l&rsquo;\u00e9conomie, le gouvernement est confront\u00e9 \u00e0 d&rsquo;autres questions litigieuses soulev\u00e9es r\u00e9cemment:<\/p>\n<h3>Les r\u00e9fugi\u00e9s syriens<\/h3>\n<p>Les lib\u00e9raux ont initialement promis d\u2019en accueillir 25 000 d\u2019ici la fin de d\u00e9cembre. Ils ont repouss\u00e9 le d\u00e9lai \u00e0 la fin de f\u00e9vrier et ont promis d\u2019en accueillir encore 10,000 de plus d&rsquo;ici la fin de l&rsquo;ann\u00e9e. Apr\u00e8s avoir rat\u00e9 l&rsquo;\u00e9ch\u00e9ance de 2015 par 12 jours, le ministre de l&rsquo;immigration John McCallum a dit que le Canada atteindra certainement son \u00e9ch\u00e9ance de f\u00e9vrier. Toutefois, trouver des moyens de loger correctement les r\u00e9fugi\u00e9s resterait un d\u00e9fi permanent.<\/p>\n<h3>Pipelines<\/h3>\n<p>Faire parvenir les produits p\u00e9troliers de l&rsquo;Alberta aux march\u00e9s exportateurs est devenu plus difficile. La premi\u00e8re ministre de la Colombie-Britannique Christy Clark a critiqu\u00e9 la proposition de la cr\u00e9ation d\u2019un pipeline vers l\u2019Ouest qui traverserait sa province. Les maires de Montr\u00e9al se sont \u00e9galement prononc\u00e9s contre le pipeline East Energy \u00e0 destination du Nouveau-Brunswick.<\/p>\n<p>Le ministre f\u00e9d\u00e9ral des Ressources naturelles Jim Carr a d\u00e9clar\u00e9 que son mandat est de \u00ab moderniser \u00bb l&rsquo;Office national de l&rsquo;\u00e9nergie tout en maintenant une transparence.<\/p>\n<p>Les employeurs int\u00e9ress\u00e9s : veuillez nous contacter <a href=\"https:\/\/immigration.ca\/en\/canada-employers2.html\" target=\"_blank\">ici<\/a> pour recevoir de plus amples informations.<\/p>\n<p>Les candidats int\u00e9ress\u00e9s : d\u00e9couvrez si vous \u00eates admissibles \u00e0 immigrer au Canada en remplissant notre <a href=\"https:\/\/immigration.ca\/fr\/formulaires-devaluation-gratuite-dimmigration\/\">\u00e9valuation gratuite en ligne<\/a>. Vous obtiendrez les r\u00e9sultats de votre \u00e9valuation en 1 \u00e0 2 jours ouvrables.<\/p>\n","protected":false},"excerpt":{"rendered":"<p>Une nouvelle session parlementaire ayant d\u00e9but\u00e9, les ministres se concentrent sur la cr\u00e9ation d&#8217;emplois comme priorit\u00e9 absolue tandis que le gouvernement lib\u00e9ral se pr\u00e9pare \u00e0 allouer rapidement des fonds pour les infrastructures afin d\u2019aider la relance de l&rsquo;\u00e9conomie. Pr\u00e8s de trois mois apr\u00e8s avoir form\u00e9 le gouvernement, les lib\u00e9raux font face \u00e0 un d\u00e9fi politique&hellip;<\/p>\n","protected":false},"author":481,"featured_media":0,"comment_status":"closed","ping_status":"closed","sticky":false,"template":"","format":"standard","meta":{"_acf_changed":false,"footnotes":""},"categories":[4859],"tags":[],"class_list":["post-10204","post","type-post","status-publish","format-standard","hentry","category-lactualite-canadienne","category-4859","description-off"],"acf":[],"_links":{"self":[{"href":"https:\/\/immigration.ca\/fr\/wp-json\/wp\/v2\/posts\/10204","targetHints":{"allow":["GET"]}}],"collection":[{"href":"https:\/\/immigration.ca\/fr\/wp-json\/wp\/v2\/posts"}],"about":[{"href":"https:\/\/immigration.ca\/fr\/wp-json\/wp\/v2\/types\/post"}],"author":[{"embeddable":true,"href":"https:\/\/immigration.ca\/fr\/wp-json\/wp\/v2\/users\/481"}],"replies":[{"embeddable":true,"href":"https:\/\/immigration.ca\/fr\/wp-json\/wp\/v2\/comments?post=10204"}],"version-history":[{"count":0,"href":"https:\/\/immigration.ca\/fr\/wp-json\/wp\/v2\/posts\/10204\/revisions"}],"wp:attachment":[{"href":"https:\/\/immigration.ca\/fr\/wp-json\/wp\/v2\/media?parent=10204"}],"wp:term":[{"taxonomy":"category","embeddable":true,"href":"https:\/\/immigration.ca\/fr\/wp-json\/wp\/v2\/categories?post=10204"},{"taxonomy":"post_tag","embeddable":true,"href":"https:\/\/immigration.ca\/fr\/wp-json\/wp\/v2\/tags?post=10204"}],"curies":[{"name":"wp","href":"https:\/\/api.w.org\/{rel}","templated":true}]}}