{"id":100362,"date":"2022-06-29T10:57:24","date_gmt":"2022-06-29T14:57:24","guid":{"rendered":"https:\/\/immigration.ca\/canada-announces-new-task-force-to-tackle-immigration-application-backlog"},"modified":"2022-07-26T12:15:16","modified_gmt":"2022-07-26T16:15:16","slug":"canada-announces-new-task-force-to-tackle-immigration-application-backlog","status":"publish","type":"post","link":"https:\/\/immigration.ca\/fr\/canada-announces-new-task-force-to-tackle-immigration-application-backlog\/","title":{"rendered":"Le Canada annonce la cr\u00e9ation d&rsquo;un nouveau groupe de travail pour s&rsquo;attaquer \u00e0 l&rsquo;arri\u00e9r\u00e9 des demandes d&rsquo;immigration"},"content":{"rendered":"<p>Le Premier ministre Justin Trudeau a mis sur pied un groupe de travail pour s&rsquo;attaquer \u00e0 l&rsquo;arri\u00e9r\u00e9 croissant des demandes d&rsquo;immigration \u00e0 Immigration, R\u00e9fugi\u00e9s et Citoyennet\u00e9 Canada (IRCC).<\/p>\n<p>L&rsquo;objectif du groupe de travail est de r\u00e9duire les temps d&rsquo;attente, d&rsquo;\u00e9liminer les arri\u00e9r\u00e9s et d&rsquo;am\u00e9liorer la qualit\u00e9 g\u00e9n\u00e9rale des services fournis aux Canadiens. Comme les p\u00e9nuries de main-d&rsquo;\u0153uvre continuent d&rsquo;entra\u00eener des retards dans le transport a\u00e9rien partout dans le monde, le groupe de travail surveillera \u00e9galement la situation dans les a\u00e9roports canadiens.<\/p>\n<hr \/>\n<p><b>En savoir plus<\/b><\/p>\n<p><a href=\"https:\/\/immigration.ca\/canada-immigration-backlog-increases-amid-record-numbers-of-new-permanent-residents\">L&rsquo;arri\u00e9r\u00e9 d&rsquo;immigration au Canada augmente alors que le nombre de nouveaux r\u00e9sidents permanents atteint un niveau record<\/a><br \/>\n<a href=\"https:\/\/immigration.ca\/canada-has-an-immigration-application-backlog-of-more-than-2-1m\">Le Canada a un arri\u00e9r\u00e9 de demandes d&rsquo;immigration de plus de 2,1 millions de personnes<\/a><br \/>\n<a href=\"https:\/\/immigration.ca\/express-entry-first-quarter-review-dramatic-fall-in-ita-numbers-as-ircc-tackles-backlog\">Bilan du premier trimestre de l&rsquo;entr\u00e9e express : Chute spectaculaire du nombre d&rsquo;invitations \u00e0 pr\u00e9senter une demande alors que l&rsquo;IRCC s&rsquo;attaque au retard accumul\u00e9<\/a><\/p>\n<hr \/>\n<p>\u00ab Nous savons que les retards de service, particuli\u00e8rement au cours des derniers mois, sont inacceptables \u00bb, a d\u00e9clar\u00e9 M. Trudeau. \u00ab Nous continuerons \u00e0 faire tout ce qui est en notre pouvoir pour am\u00e9liorer la prestation de ces services de mani\u00e8re efficace et opportune, et ce nouveau groupe de travail aidera \u00e0 orienter le travail du gouvernement pour mieux r\u00e9pondre aux besoins changeants des Canadiens et continuer \u00e0 leur fournir les services de haute qualit\u00e9 dont ils ont besoin et qu&rsquo;ils m\u00e9ritent. \u00bb<\/p>\n<p>La cr\u00e9ation du nouveau groupe de travail du premier ministre fait suite \u00e0 des rapports faisant \u00e9tat d&rsquo;un arri\u00e9r\u00e9 croissant de demandes devant l&rsquo;IRCC.<\/p>\n<hr \/>\n<p><b>Visionnez la vid\u00e9o<\/b><\/p>\n<p class=\"p1\"><iframe title=\"YouTube video player\" src=\"https:\/\/www.youtube.com\/embed\/Aio7jFwRONk\" width=\"560\" height=\"315\" frameborder=\"0\" allowfullscreen=\"allowfullscreen\"><\/iframe><\/p>\n<hr \/>\n<p>Les demandes de citoyennet\u00e9 et de r\u00e9sidence temporaire et permanente pr\u00e9sent\u00e9es au cours des cinq premiers mois de l&rsquo;ann\u00e9e ont atteint pr\u00e8s de 2,39 millions \u00e0 la fin de la premi\u00e8re semaine de juin &#8211; exactement 2 387 884 &#8211; alors que l&rsquo;immigration canadienne a atteint des niveaux records.<span class=\"Apple-converted-space\">\u00a0<\/span><\/p>\n<p>Cet arri\u00e9r\u00e9 de demandes devant l&rsquo;IRCC a fait un bond de pr\u00e8s de 12,1 %, soit 257 499 demandes, par rapport au nombre l\u00e9g\u00e8rement sup\u00e9rieur \u00e0 2,1 millions &#8211; exactement 2 130 385 &#8211; enregistr\u00e9 au d\u00e9but du mois de mai.<\/p>\n<p>\u00ab L&rsquo;inventaire des visas de r\u00e9sident temporaire et des permis de travail a \u00e9galement augment\u00e9 de mani\u00e8re significative avec l&rsquo;introduction de <a href=\"https:\/\/immigration.ca\/fr\/how-to-apply-for-the-canada-ukraine-authorization-for-emergency-travel\">l&rsquo;autorisation de voyage d&rsquo;urgence Canada-Ukraine<\/a> (AVUCU) \u00bb, a not\u00e9 Peter Liang, un porte-parole de l&rsquo;IRCC dans une r\u00e9ponse par courriel \u00e0 <a href=\"https:\/\/immigration.ca\/canada-immigration-latest-news-articles\">Immigration.ca<\/a>.<\/p>\n<h3>L&rsquo;arri\u00e9r\u00e9 croissant des demandes de l&rsquo;IRCC aliment\u00e9 par l\u2019AVUCU<\/h3>\n<p>\u00ab L\u2019AVUCU est un programme temporaire qui nous permet de faire venir des gens au Canada rapidement en fonction de la demande en tirant parti de nos processus, r\u00e9seaux et infrastructures existants en mati\u00e8re de visa de r\u00e9sident temporaire pour faire venir le plus grand nombre possible d&rsquo;Ukrainiens au Canada le plus rapidement possible&#8230; Au 8 juin, IRCC avait re\u00e7u 296 163 demandes de l\u2019 AVUCU. \u00bb<\/p>\n<p>L&rsquo;arri\u00e9r\u00e9 des demandes de r\u00e9sidence permanente au Canada a, en fait, l\u00e9g\u00e8rement diminu\u00e9 au cours du mois de mai, passant de 530 269 \u00e0 522 047, soit une baisse d&rsquo;un peu plus de 1,5 %.<\/p>\n<p>Cependant, au cours de la m\u00eame p\u00e9riode, les demandes de r\u00e9sidence temporaire ont fait un bond de plus de 22,5 %, passant d&rsquo;un peu plus de 1,2 million \u00e0 pr\u00e8s de 1,5 million.<\/p>\n<p>Le nouveau groupe de travail d&rsquo;Ottawa est essentiellement un comit\u00e9 de ministres dont le mandat est d&rsquo;examiner la prestation des services, de cerner les lacunes et les points \u00e0 am\u00e9liorer, et de formuler des recommandations afin que les Canadiens re\u00e7oivent des services de la plus haute qualit\u00e9.<\/p>\n<p>Les membres du groupe de travail, qui est copr\u00e9sid\u00e9 par Marci Ien, ministre responsable de la Condition f\u00e9minine, de l&rsquo;\u00c9galit\u00e9 des sexes et de la Jeunesse, et Marc Miller, ministre responsable des Relations entre la Couronne et les Autochtones, comprennent \u00e9galement :<\/p>\n<ul>\n<li>Le ministre du Tourisme, Randy Boissonnault ;<\/li>\n<li>Mona Fortier, pr\u00e9sidente du Conseil du Tr\u00e9sor ;<\/li>\n<li>Le ministre du Logement, Ahmed Hussen ;<\/li>\n<li>Le ministre du D\u00e9veloppement \u00e9conomique rural, Gudie Hutchings ;<\/li>\n<li>Le ministre des Affaires intergouvernementales, de l&rsquo;Infrastructure et des Collectivit\u00e9s, Dominic LeBlanc ;<\/li>\n<li>La ministre du Revenu national, Diane Lebouthillier ;<\/li>\n<li>La ministre du Commerce, Mary Ng, et ;<\/li>\n<li>Le ministre du D\u00e9veloppement international, Harjit S. Sajjan.<\/li>\n<\/ul>\n<p>Les ministres responsables des d\u00e9partements concern\u00e9s, notamment les ministres de la famille, des enfants et du d\u00e9veloppement social, de l&rsquo;IRCC et des transports, seront membres d&rsquo;office du groupe de travail.<\/p>\n","protected":false},"excerpt":{"rendered":"<p>Le Premier ministre Justin Trudeau a mis sur pied un groupe de travail pour s&rsquo;attaquer \u00e0 l&rsquo;arri\u00e9r\u00e9 croissant des demandes d&rsquo;immigration \u00e0 Immigration, R\u00e9fugi\u00e9s et Citoyennet\u00e9 Canada (IRCC). L&rsquo;objectif du groupe de travail est de r\u00e9duire les temps d&rsquo;attente, d&rsquo;\u00e9liminer les arri\u00e9r\u00e9s et d&rsquo;am\u00e9liorer la qualit\u00e9 g\u00e9n\u00e9rale des services fournis aux Canadiens. Comme les p\u00e9nuries&hellip;<\/p>\n","protected":false},"author":16,"featured_media":78055,"comment_status":"closed","ping_status":"closed","sticky":false,"template":"","format":"standard","meta":{"_acf_changed":false,"footnotes":""},"categories":[3415,4859,3337],"tags":[71778,58742,67733,69175,71779],"class_list":["post-100362","post","type-post","status-publish","format-standard","has-post-thumbnail","hentry","category-immigration-au-canada","category-lactualite-canadienne","category-non-classifiee","tag-canada-immigration-application-backlogs-fr","tag-federal-government-fr","tag-ircc-fr","tag-justin-trudeau-fr","tag-task-force-fr","category-3415","category-4859","category-3337","description-off"],"acf":[],"_links":{"self":[{"href":"https:\/\/immigration.ca\/fr\/wp-json\/wp\/v2\/posts\/100362","targetHints":{"allow":["GET"]}}],"collection":[{"href":"https:\/\/immigration.ca\/fr\/wp-json\/wp\/v2\/posts"}],"about":[{"href":"https:\/\/immigration.ca\/fr\/wp-json\/wp\/v2\/types\/post"}],"author":[{"embeddable":true,"href":"https:\/\/immigration.ca\/fr\/wp-json\/wp\/v2\/users\/16"}],"replies":[{"embeddable":true,"href":"https:\/\/immigration.ca\/fr\/wp-json\/wp\/v2\/comments?post=100362"}],"version-history":[{"count":0,"href":"https:\/\/immigration.ca\/fr\/wp-json\/wp\/v2\/posts\/100362\/revisions"}],"wp:featuredmedia":[{"embeddable":true,"href":"https:\/\/immigration.ca\/fr\/wp-json\/wp\/v2\/media\/78055"}],"wp:attachment":[{"href":"https:\/\/immigration.ca\/fr\/wp-json\/wp\/v2\/media?parent=100362"}],"wp:term":[{"taxonomy":"category","embeddable":true,"href":"https:\/\/immigration.ca\/fr\/wp-json\/wp\/v2\/categories?post=100362"},{"taxonomy":"post_tag","embeddable":true,"href":"https:\/\/immigration.ca\/fr\/wp-json\/wp\/v2\/tags?post=100362"}],"curies":[{"name":"wp","href":"https:\/\/api.w.org\/{rel}","templated":true}]}}